{"id":370415,"date":"2019-02-01T00:41:58","date_gmt":"2019-02-01T06:41:58","guid":{"rendered":"http:\/\/diarioavancetabasco.com\/?p=370415"},"modified":"2019-02-01T00:42:10","modified_gmt":"2019-02-01T06:42:10","slug":"oficial-reyes-a-leganes","status":"publish","type":"post","link":"https:\/\/diarioavancetabasco.com\/?p=370415","title":{"rendered":"Oficial,  Reyes a Legan\u00e9s"},"content":{"rendered":"<p><!--\np.p1 {margin: 0.0px 0.0px 0.0px 0.0px; text-align: justify; line-height: 10.0px; font: 10.0px Whitman}\np.p2 {margin: 0.0px 0.0px 0.0px 0.0px; text-align: justify; text-indent: 6.0px; line-height: 10.0px; font: 10.0px Whitman}\nspan.s1 {letter-spacing: -0.2px}\n-->El\u00a0C.D. Legan\u00e9s\u00a0anunci\u00f3 de manera oficial la llegada del defensa mexicano\u00a0Diego Reyes, a pr\u00e9stamo por lo que resta de la temporada en LaLiga, proveniente del\u00a0Fenerbah\u00e7e de Turqu\u00eda.<\/p>\n<p>\u201cDiego Antonio Reyes Rosales, de 26 a\u00f1os de edad, cuenta con experiencia en LaLiga tras su paso por\u00a0Espanyol\u00a0y\u00a0Real Sociedad, adem\u00e1s de haber disputado competiciones europeas con el\u00a0Oporto\u00a0y varios torneos con su selecci\u00f3n\u201d.<\/p>\n<p>El equipo pepinero destac\u00f3 la trayectoria del jugador surgido en la cantera del\u00a0Am\u00e9rica\u00a0por el futbol europeo, as\u00ed como su capacidad en la zaga: \u201cReyes en un central que puede adaptarse a las posiciones de lateral derecho y pivote defensivo\u201d.<\/p>\n<p>Adem\u00e1s inform\u00f3 que el defensivo azteca \u201cse incorporar\u00e1 a los entrenamientos este viernes, lucir\u00e1 el dorsal 4 y ser\u00e1 presentado este viernes en LaLiga Corner de El Corte Ingl\u00e9s de Castellana a las 14:00 horas, tiempo de Espa\u00f1a\u201d.<\/p>\n","protected":false},"excerpt":{"rendered":"<p>El\u00a0C.D. Legan\u00e9s\u00a0anunci\u00f3 de manera oficial la llegada del defensa mexicano\u00a0Diego Reyes, a pr\u00e9stamo por lo que resta de la temporada en LaLiga, proveniente del\u00a0Fenerbah\u00e7e de Turqu\u00eda. \u201cDiego Antonio Reyes Rosales, de 26 a\u00f1os de edad, cuenta con experiencia en LaLiga tras su paso por\u00a0Espanyol\u00a0y\u00a0Real Sociedad, adem\u00e1s de haber disputado competiciones europeas con el\u00a0Oporto\u00a0y varios torneos [&hellip;]<\/p>\n","protected":false},"author":2,"featured_media":370402,"comment_status":"closed","ping_status":"closed","sticky":false,"template":"","format":"standard","meta":{"footnotes":""},"categories":[6],"tags":[],"class_list":["post-370415","post","type-post","status-publish","format-standard","has-post-thumbnail","hentry","category-deportes"],"_links":{"self":[{"href":"https:\/\/diarioavancetabasco.com\/index.php?rest_route=\/wp\/v2\/posts\/370415","targetHints":{"allow":["GET"]}}],"collection":[{"href":"https:\/\/diarioavancetabasco.com\/index.php?rest_route=\/wp\/v2\/posts"}],"about":[{"href":"https:\/\/diarioavancetabasco.com\/index.php?rest_route=\/wp\/v2\/types\/post"}],"author":[{"embeddable":true,"href":"https:\/\/diarioavancetabasco.com\/index.php?rest_route=\/wp\/v2\/users\/2"}],"replies":[{"embeddable":true,"href":"https:\/\/diarioavancetabasco.com\/index.php?rest_route=%2Fwp%2Fv2%2Fcomments&post=370415"}],"version-history":[{"count":2,"href":"https:\/\/diarioavancetabasco.com\/index.php?rest_route=\/wp\/v2\/posts\/370415\/revisions"}],"predecessor-version":[{"id":370449,"href":"https:\/\/diarioavancetabasco.com\/index.php?rest_route=\/wp\/v2\/posts\/370415\/revisions\/370449"}],"wp:featuredmedia":[{"embeddable":true,"href":"https:\/\/diarioavancetabasco.com\/index.php?rest_route=\/wp\/v2\/media\/370402"}],"wp:attachment":[{"href":"https:\/\/diarioavancetabasco.com\/index.php?rest_route=%2Fwp%2Fv2%2Fmedia&parent=370415"}],"wp:term":[{"taxonomy":"category","embeddable":true,"href":"https:\/\/diarioavancetabasco.com\/index.php?rest_route=%2Fwp%2Fv2%2Fcategories&post=370415"},{"taxonomy":"post_tag","embeddable":true,"href":"https:\/\/diarioavancetabasco.com\/index.php?rest_route=%2Fwp%2Fv2%2Ftags&post=370415"}],"curies":[{"name":"wp","href":"https:\/\/api.w.org\/{rel}","templated":true}]}}