{"id":370476,"date":"2019-02-02T00:25:00","date_gmt":"2019-02-02T06:25:00","guid":{"rendered":"http:\/\/diarioavancetabasco.com\/?p=370476"},"modified":"2019-02-02T00:25:04","modified_gmt":"2019-02-02T06:25:04","slug":"piden-los-legisladores-a-amlo-reforzar-seguridad","status":"publish","type":"post","link":"https:\/\/diarioavancetabasco.com\/?p=370476","title":{"rendered":"Piden los legisladores a  AMLO reforzar seguridad"},"content":{"rendered":"<p><!--\np.p1 {margin: 0.0px 0.0px 0.0px 0.0px; text-align: justify; line-height: 10.0px; font: 10.0px Whitman}\np.p2 {margin: 0.0px 0.0px 0.0px 0.0px; text-align: justify; text-indent: 6.0px; line-height: 10.0px; font: 10.0px Whitman}\nspan.s1 {letter-spacing: -0.2px}\n-->Los coordinadores parlamentarios en la C\u00e1mara de Diputados hicieron un llamado al presidente de la Rep\u00fablica, Andr\u00e9s Manuel L\u00f3pez Obrador, y a su equipo de trabajo para que refuercen su seguridad, luego de que se confirmara que hab\u00eda explosivos en la camioneta donde se encontr\u00f3 una manta con amenazas en su contra en Guanajuato.<\/p>\n<p>El coordinador de Morena en la C\u00e1mara de Diputados, Mario Delgado Carrillo, indic\u00f3 que se deber\u00eda reforzar la seguridad del Presidente sin que esto lo aleje de su cercan\u00eda con la ciudadan\u00eda, principal raz\u00f3n por la que L\u00f3pez Obrador se resiste a tener un equipo de seguridad.<\/p>\n<p>\u201cYo respeto, por supuesto, la opini\u00f3n del Presidente de la Rep\u00fablica; creo que, dado que se confirma la informaci\u00f3n de esta amenaza, yo creo que s\u00ed ser\u00eda recomendable tener mayor seguridad en el entorno del Presidente\u201d, dijo.<\/p>\n<p>Delgado Carrillo descart\u00f3 que el Congreso haga un llamado en breve al presidente para que refuerce su seguridad, hay que es una decisi\u00f3n que depende de su persona y debe respetarse, pero podr\u00eda ser analizada por la Junta de Coordinaci\u00f3n Pol\u00edtica la pr\u00f3xima semana.<\/p>\n","protected":false},"excerpt":{"rendered":"<p>Los coordinadores parlamentarios en la C\u00e1mara de Diputados hicieron un llamado al presidente de la Rep\u00fablica, Andr\u00e9s Manuel L\u00f3pez Obrador, y a su equipo de trabajo para que refuercen su seguridad, luego de que se confirmara que hab\u00eda explosivos en la camioneta donde se encontr\u00f3 una manta con amenazas en su contra en Guanajuato. El [&hellip;]<\/p>\n","protected":false},"author":2,"featured_media":370464,"comment_status":"closed","ping_status":"closed","sticky":false,"template":"","format":"standard","meta":{"footnotes":""},"categories":[3],"tags":[],"class_list":["post-370476","post","type-post","status-publish","format-standard","has-post-thumbnail","hentry","category-nacional"],"_links":{"self":[{"href":"https:\/\/diarioavancetabasco.com\/index.php?rest_route=\/wp\/v2\/posts\/370476","targetHints":{"allow":["GET"]}}],"collection":[{"href":"https:\/\/diarioavancetabasco.com\/index.php?rest_route=\/wp\/v2\/posts"}],"about":[{"href":"https:\/\/diarioavancetabasco.com\/index.php?rest_route=\/wp\/v2\/types\/post"}],"author":[{"embeddable":true,"href":"https:\/\/diarioavancetabasco.com\/index.php?rest_route=\/wp\/v2\/users\/2"}],"replies":[{"embeddable":true,"href":"https:\/\/diarioavancetabasco.com\/index.php?rest_route=%2Fwp%2Fv2%2Fcomments&post=370476"}],"version-history":[{"count":2,"href":"https:\/\/diarioavancetabasco.com\/index.php?rest_route=\/wp\/v2\/posts\/370476\/revisions"}],"predecessor-version":[{"id":370521,"href":"https:\/\/diarioavancetabasco.com\/index.php?rest_route=\/wp\/v2\/posts\/370476\/revisions\/370521"}],"wp:featuredmedia":[{"embeddable":true,"href":"https:\/\/diarioavancetabasco.com\/index.php?rest_route=\/wp\/v2\/media\/370464"}],"wp:attachment":[{"href":"https:\/\/diarioavancetabasco.com\/index.php?rest_route=%2Fwp%2Fv2%2Fmedia&parent=370476"}],"wp:term":[{"taxonomy":"category","embeddable":true,"href":"https:\/\/diarioavancetabasco.com\/index.php?rest_route=%2Fwp%2Fv2%2Fcategories&post=370476"},{"taxonomy":"post_tag","embeddable":true,"href":"https:\/\/diarioavancetabasco.com\/index.php?rest_route=%2Fwp%2Fv2%2Ftags&post=370476"}],"curies":[{"name":"wp","href":"https:\/\/api.w.org\/{rel}","templated":true}]}}