{"id":370488,"date":"2019-02-02T00:29:57","date_gmt":"2019-02-02T06:29:57","guid":{"rendered":"http:\/\/diarioavancetabasco.com\/?p=370488"},"modified":"2019-02-02T00:30:01","modified_gmt":"2019-02-02T06:30:01","slug":"emociona-a-fans-con-pancita-de-su-esposa","status":"publish","type":"post","link":"https:\/\/diarioavancetabasco.com\/?p=370488","title":{"rendered":"Emociona a fans con \u201cpancita\u201d de su esposa"},"content":{"rendered":"<p><!--\np.p1 {margin: 0.0px 0.0px 0.0px 0.0px; text-align: justify; line-height: 10.0px; font: 52.0px Whitman}\np.p2 {margin: 0.0px 0.0px 0.0px 0.0px; text-align: justify; line-height: 10.0px; font: 10.0px Whitman}\np.p3 {margin: 0.0px 0.0px 0.0px 0.0px; text-align: justify; text-indent: 6.0px; line-height: 10.0px; font: 10.0px Whitman}\nspan.s1 {letter-spacing: -0.2px}\n-->Tras anunciar la espera de un nuevo miembro de la familia, Karla de la Mora, de 33 a\u00f1os, esposa de Adal Ramones, de 56; enterneci\u00f3 a todos los seguidores de Adal en su cuenta de Instagram.<\/p>\n<p>Y es que el conductor public\u00f3 una imagen en donde se le ve a su esposa Karla, luciendo su pancita de embarazo en donde anuncia que ya lleva 28 semanas de gestaci\u00f3n.<\/p>\n<p>\u2018\u2019En nuestra gran aventura de no querer saber el sexo de nuestro beb\u00e9! Emocionados al mil. Qu\u00e9 creen que sea #boyorgirl. Gracias por las cosas buenas que nos desean cada d\u00eda. #bigfamily #baby\u2019\u2019, comparti\u00f3 Adal Ramones en su red social.<\/p>\n<p>Con opiniones divididas, las respuestas a su pregunta no se hicieron esperar; entre ellas:<\/p>\n<p>\u2018\u2019\u00a1Tu pancita es como de ni\u00f1o! Dios te bendiga\u2019\u2019, \u2018\u2019Awww se ve hermosa \u00a1Y s\u00ed, que sea sorpresa! Voy por una ni\u00f1a\u2019\u2019, \u2018\u2019Es una princesa\u2019\u2019, \u2018\u2019Ni\u00f1o, me parece\u2019\u2019.<\/p>\n<p>El misterio sin duda ser\u00e1 revelado por la pareja hasta que nazca su beb\u00e9 y as\u00ed dar a conocer de manera oficial el sexo.<\/p>\n","protected":false},"excerpt":{"rendered":"<p>Tras anunciar la espera de un nuevo miembro de la familia, Karla de la Mora, de 33 a\u00f1os, esposa de Adal Ramones, de 56; enterneci\u00f3 a todos los seguidores de Adal en su cuenta de Instagram. Y es que el conductor public\u00f3 una imagen en donde se le ve a su esposa Karla, luciendo su [&hellip;]<\/p>\n","protected":false},"author":2,"featured_media":370466,"comment_status":"closed","ping_status":"closed","sticky":false,"template":"","format":"standard","meta":{"footnotes":""},"categories":[11],"tags":[],"class_list":["post-370488","post","type-post","status-publish","format-standard","has-post-thumbnail","hentry","category-espectaculos"],"_links":{"self":[{"href":"https:\/\/diarioavancetabasco.com\/index.php?rest_route=\/wp\/v2\/posts\/370488","targetHints":{"allow":["GET"]}}],"collection":[{"href":"https:\/\/diarioavancetabasco.com\/index.php?rest_route=\/wp\/v2\/posts"}],"about":[{"href":"https:\/\/diarioavancetabasco.com\/index.php?rest_route=\/wp\/v2\/types\/post"}],"author":[{"embeddable":true,"href":"https:\/\/diarioavancetabasco.com\/index.php?rest_route=\/wp\/v2\/users\/2"}],"replies":[{"embeddable":true,"href":"https:\/\/diarioavancetabasco.com\/index.php?rest_route=%2Fwp%2Fv2%2Fcomments&post=370488"}],"version-history":[{"count":2,"href":"https:\/\/diarioavancetabasco.com\/index.php?rest_route=\/wp\/v2\/posts\/370488\/revisions"}],"predecessor-version":[{"id":370527,"href":"https:\/\/diarioavancetabasco.com\/index.php?rest_route=\/wp\/v2\/posts\/370488\/revisions\/370527"}],"wp:featuredmedia":[{"embeddable":true,"href":"https:\/\/diarioavancetabasco.com\/index.php?rest_route=\/wp\/v2\/media\/370466"}],"wp:attachment":[{"href":"https:\/\/diarioavancetabasco.com\/index.php?rest_route=%2Fwp%2Fv2%2Fmedia&parent=370488"}],"wp:term":[{"taxonomy":"category","embeddable":true,"href":"https:\/\/diarioavancetabasco.com\/index.php?rest_route=%2Fwp%2Fv2%2Fcategories&post=370488"},{"taxonomy":"post_tag","embeddable":true,"href":"https:\/\/diarioavancetabasco.com\/index.php?rest_route=%2Fwp%2Fv2%2Ftags&post=370488"}],"curies":[{"name":"wp","href":"https:\/\/api.w.org\/{rel}","templated":true}]}}