{"id":370498,"date":"2019-02-02T00:34:06","date_gmt":"2019-02-02T06:34:06","guid":{"rendered":"http:\/\/diarioavancetabasco.com\/?p=370498"},"modified":"2019-02-02T00:34:08","modified_gmt":"2019-02-02T06:34:08","slug":"cero-corrupcion-privilegios-e-impunidad-lopez-obrador","status":"publish","type":"post","link":"https:\/\/diarioavancetabasco.com\/?p=370498","title":{"rendered":"Cero corrupci\u00f3n, privilegios e impunidad: L\u00f3pez Obrador"},"content":{"rendered":"<p><!--\np.p1 {margin: 0.0px 0.0px 0.0px 0.0px; text-align: justify; line-height: 10.0px; font: 52.0px Whitman}\np.p2 {margin: 0.0px 0.0px 0.0px 0.0px; text-align: justify; line-height: 10.0px; font: 10.0px Whitman}\np.p3 {margin: 0.0px 0.0px 0.0px 0.0px; text-align: justify; text-indent: 6.0px; line-height: 10.0px; font: 10.0px Whitman}\nspan.s1 {letter-spacing: -0.2px}\n-->Durante su vista en tierras tabasque\u00f1as el presidente de la Rep\u00fablica, Andr\u00e9s Manuel L\u00f3pez Obrador, asegur\u00f3 que el prop\u00f3sito de su gobierno es limpiar de corrupci\u00f3n el pa\u00eds, \u201cQue se acabe la corrupci\u00f3n. Vamos a acabar con la corrupci\u00f3n y con los privilegios. Se va a acabar la impunidad. Me canso ganso\u201d.<\/p>\n<p>El mandatorio federal, recalc\u00f3 el rob\u00f3 de combustible o huachicol\u00a0 en d\u00f3nde se robaban, hasta noviembre del a\u00f1o pasado, un promedio de 800 pipas diarias y lo ten\u00edan hasta contabilizado\u201dSe acab\u00f3 el huachicol\u2019, y no va a haber huachicol ni arriba ni abajo\u201d.<\/p>\n<p>Se\u00f1al\u00f3 que con el dinero que se est\u00e1 ahorrando\u00a0 por no permitir la corrupci\u00f3n, se le va a entregar al pueblo de M\u00e9xico, \u201cTodo lo que se iba por el ca\u00f1o de la corrupci\u00f3n\u201d.<\/p>\n<p>Es por eso que el pueblo no se debe de preocupar si alcanza o no el presupuesto porque el problema de M\u00e9xico no es la falta de presupuesto. \u201cEl problema de M\u00e9xico es la corrupci\u00f3n y se va a acabar. Vamos a desterrar la corrupci\u00f3n del pa\u00eds\u201d.<\/p>\n<p>Con ello dijo se va a poder financiar el desarrollo, porque antes se quedaba el dinero en unas cuantas manos, no bajaba, no se distribu\u00eda. Y el cambio ahora es que el presupuesto, que es dinero del pueblo, alcance a todos. Que cada familia reciba algo de beneficio, por eso los programas sociales.<\/p>\n<p>\u201cTodos los adultos mayores de M\u00e9xico, todos, van a recibir. Ya algunos ya est\u00e1n obteniendo dos mil 550 pesos cada dos meses, todos los adultos mayores de M\u00e9xico; ocho millones de adultos mayores\u201d.<\/p>\n<p>Refiri\u00f3 que lo que le va a llegar al adulto mayor, a la persona con discapacidad, al estudiante que va a recibir una beca, al que va a estar en este Programa Sembrando Vida, todo de manera directo, nada de intermediarios.<\/p>\n<p>\u201cNo es que vamos a pasar el dinero por las oficinas de gobierno, por las estructuras administrativas porque no llega, o no llega completo\u201d.<\/p>\n<p>Record\u00f3 que la pensi\u00f3n\u00a0 de adultos mayores ser\u00e1 de dos mil 550 pesos a todos. \u201cYa los que tienen la pensi\u00f3n del Seguro ya les va a empezar a llegar. Ah\u00ed donde reciben su pensi\u00f3n, en esa misma cuenta van a tener este dinero adicional\u201d.<\/p>\n<p>L\u00f3pez Obrador asegur\u00f3 que para nuestro Estado se va a apoyar a todas las personas con discapacidad, ni\u00f1as, ni\u00f1os su pensi\u00f3n mensual. \u201cTodos van a recibir igual que el adulto mayor: dos mil 550 pesos\u201d.<\/p>\n<p>En el caso de los\u00a0 j\u00f3venes, van a tener trabajo, todos, no hay l\u00edmite. Todo el que no tenga empleo, que no tenga ocupaci\u00f3n va a poder tener trabajo. Vamos a contratar a los j\u00f3venes que van a estar como aprendices, se van a estar capacitando para el trabajo.<\/p>\n<p>\u201cNo hay l\u00edmite, de modo que si ven ustedes a un joven de 18 a 29 a\u00f1os que no tiene empleo, hay que decirle: \u2018Ah\u00ed est\u00e1 ese programa. Inscr\u00edbete\u2019. Va a ser f\u00e1cil, no va a haber burocracia para que todos tengan garantizado el derecho al trabajo\u201d.<\/p>\n<p>Los que estudian primaria y secundaria: su beca; de familias de escasos recursos econ\u00f3micos su beca de mil 600 pesos cada dos meses.<\/p>\n<p>Todos los que estudien en el nivel medio superior, preparatoria, Colegio de Bachilleres, escuelas t\u00e9cnicas, lo mismo, mil 600 pesos cada dos meses. Pero todos, en donde haya un Colegio de Bachilleres, un Conalep, una escuela t\u00e9cnica, todos van a estar recibiendo este apoyo.<\/p>\n<p>\u201cEs mil veces mejor tener a los j\u00f3venes estudiando que tenerlos en la calle, por eso este programa de apoyo con becas\u201d.<\/p>\n<p>Y en el caso de los que vayan a la universidad, de hijos de ustedes que est\u00e9n ya en el nivel superior, dos mil 400 pesos mensuales de beca.<\/p>\n<p>Quiero decirles tambi\u00e9n que va a haber cr\u00e9dito a la palabra, el que tenga un potrerito que ahora est\u00e1 acahualado, pero va a poder habilitarlo y quiera tener unas novillonas, unas vacas, va a recibir tambi\u00e9n un cr\u00e9dito en ganado, cinco, 10 novillonas, cinco, 10 vacas, un semental; cr\u00e9dito a la palabra, sin intereses, a pagar en tres, cuatro a\u00f1os con las cr\u00edas para que se apoye al productor.<\/p>\n<p>\u00bfSaben d\u00f3nde inici\u00f3 ese programa? Aqu\u00ed, en Tabasco, hace 40 a\u00f1os cuando estaba yo de director del Instituto Nacional Indigenista en Nacajuca, Tabasco, ah\u00ed empec\u00e9 a trabajar.<\/p>\n<p>\u00bfQu\u00e9 otro programa se va a aplicar? Un programa de cr\u00e9dito tambi\u00e9n, pero este es para los que tienen talleres, que se dedica a la artesan\u00eda, que tiene su peque\u00f1a tienda, su peque\u00f1o negocio, va a recibir un cr\u00e9dito poquito, seis mil pesos, porque queremos que abarque a un mill\u00f3n de peque\u00f1os comerciantes, de quienes tienen sus peque\u00f1os negocios.<\/p>\n<p>Va a ser poquito, seis mil pesos, poquito porque es bendito.<\/p>\n<p>\u201cSeis mil pesos sin intereses, sin burocracia. No es que: \u2018Te voy a dar el cr\u00e9dito, los seis mil pesos, pero vas a dejar hipotecada tu casa o a ver qu\u00e9 tienes para dejar de garant\u00eda\u201d.<br \/>\nAsegur\u00f3 que la\u00a0 \u00fanica garant\u00eda va a ser la palabra, porque nuestro pueblo es trabajador y es honesto, nuestro pueblo.<\/p>\n","protected":false},"excerpt":{"rendered":"<p>Durante su vista en tierras tabasque\u00f1as el presidente de la Rep\u00fablica, Andr\u00e9s Manuel L\u00f3pez Obrador, asegur\u00f3 que el prop\u00f3sito de su gobierno es limpiar de corrupci\u00f3n el pa\u00eds, \u201cQue se acabe la corrupci\u00f3n. Vamos a acabar con la corrupci\u00f3n y con los privilegios. Se va a acabar la impunidad. Me canso ganso\u201d. El mandatorio federal, [&hellip;]<\/p>\n","protected":false},"author":2,"featured_media":370458,"comment_status":"closed","ping_status":"closed","sticky":false,"template":"","format":"standard","meta":{"footnotes":""},"categories":[9],"tags":[],"class_list":["post-370498","post","type-post","status-publish","format-standard","has-post-thumbnail","hentry","category-politica"],"_links":{"self":[{"href":"https:\/\/diarioavancetabasco.com\/index.php?rest_route=\/wp\/v2\/posts\/370498","targetHints":{"allow":["GET"]}}],"collection":[{"href":"https:\/\/diarioavancetabasco.com\/index.php?rest_route=\/wp\/v2\/posts"}],"about":[{"href":"https:\/\/diarioavancetabasco.com\/index.php?rest_route=\/wp\/v2\/types\/post"}],"author":[{"embeddable":true,"href":"https:\/\/diarioavancetabasco.com\/index.php?rest_route=\/wp\/v2\/users\/2"}],"replies":[{"embeddable":true,"href":"https:\/\/diarioavancetabasco.com\/index.php?rest_route=%2Fwp%2Fv2%2Fcomments&post=370498"}],"version-history":[{"count":2,"href":"https:\/\/diarioavancetabasco.com\/index.php?rest_route=\/wp\/v2\/posts\/370498\/revisions"}],"predecessor-version":[{"id":370532,"href":"https:\/\/diarioavancetabasco.com\/index.php?rest_route=\/wp\/v2\/posts\/370498\/revisions\/370532"}],"wp:featuredmedia":[{"embeddable":true,"href":"https:\/\/diarioavancetabasco.com\/index.php?rest_route=\/wp\/v2\/media\/370458"}],"wp:attachment":[{"href":"https:\/\/diarioavancetabasco.com\/index.php?rest_route=%2Fwp%2Fv2%2Fmedia&parent=370498"}],"wp:term":[{"taxonomy":"category","embeddable":true,"href":"https:\/\/diarioavancetabasco.com\/index.php?rest_route=%2Fwp%2Fv2%2Fcategories&post=370498"},{"taxonomy":"post_tag","embeddable":true,"href":"https:\/\/diarioavancetabasco.com\/index.php?rest_route=%2Fwp%2Fv2%2Ftags&post=370498"}],"curies":[{"name":"wp","href":"https:\/\/api.w.org\/{rel}","templated":true}]}}