{"id":370581,"date":"2019-02-05T00:34:51","date_gmt":"2019-02-05T06:34:51","guid":{"rendered":"http:\/\/diarioavancetabasco.com\/?p=370581"},"modified":"2019-02-05T00:34:52","modified_gmt":"2019-02-05T06:34:52","slug":"siguen-preinscripciones-en-linea-para-educacion-basica","status":"publish","type":"post","link":"https:\/\/diarioavancetabasco.com\/?p=370581","title":{"rendered":"Siguen preinscripciones en  l\u00ednea para educaci\u00f3n b\u00e1sica"},"content":{"rendered":"<p><!--\np.p1 {margin: 0.0px 0.0px 0.0px 0.0px; text-align: justify; text-indent: 6.0px; line-height: 10.0px; font: 10.0px Whitman}\nspan.s1 {letter-spacing: -0.2px}\n-->La Secretar\u00eda de Educaci\u00f3n de Tabasco (Setab), inform\u00f3 que este martes 5 de febrero continuar\u00e1 el proceso de preinscripci\u00f3n en l\u00ednea de aquellos ni\u00f1os que durante el pr\u00f3ximo ciclo escolar cursar\u00e1n los tres a\u00f1os de preescolar, as\u00ed como el primer grado de primaria y el primer a\u00f1o de secundaria.<\/p>\n<p>Explic\u00f3 que este martes Corresponder\u00e1 realizar el procedimiento por v\u00eda internet a los aspirantes cuyo primer apellide inicie con la letra C. Y el mi\u00e9rcoles 6 de febrero el sistema estar\u00e1 abierto para quienes inicien su apellido paterno con las letras D, E y F.<\/p>\n<p>La dependencia dio a conocer que mediante esta modalidad se pretende captar a m\u00e1s de 123 mil infantes de nuevo ingreso en el nivel b\u00e1sico, que tan s\u00f3lo el primer d\u00eda de registro se tuvo una demanda de siete mil aspirantes.<\/p>\n<p>El objetivo de este procedimiento, que no tiene costo alguno, es aprovechar la tecnolog\u00eda para evitar las colas interminables que tradicionalmente se hac\u00edan de cara al siguiente ciclo lectivo y, al mismo tiempo, garantizar que las escuelas tengan un cupo adecuado, es decir, que la matr\u00edcula no exceda la capacidad de las aulas.<\/p>\n","protected":false},"excerpt":{"rendered":"<p>La Secretar\u00eda de Educaci\u00f3n de Tabasco (Setab), inform\u00f3 que este martes 5 de febrero continuar\u00e1 el proceso de preinscripci\u00f3n en l\u00ednea de aquellos ni\u00f1os que durante el pr\u00f3ximo ciclo escolar cursar\u00e1n los tres a\u00f1os de preescolar, as\u00ed como el primer grado de primaria y el primer a\u00f1o de secundaria. Explic\u00f3 que este martes Corresponder\u00e1 realizar [&hellip;]<\/p>\n","protected":false},"author":2,"featured_media":370579,"comment_status":"closed","ping_status":"closed","sticky":false,"template":"","format":"standard","meta":{"footnotes":""},"categories":[9],"tags":[],"class_list":["post-370581","post","type-post","status-publish","format-standard","has-post-thumbnail","hentry","category-politica"],"_links":{"self":[{"href":"https:\/\/diarioavancetabasco.com\/index.php?rest_route=\/wp\/v2\/posts\/370581","targetHints":{"allow":["GET"]}}],"collection":[{"href":"https:\/\/diarioavancetabasco.com\/index.php?rest_route=\/wp\/v2\/posts"}],"about":[{"href":"https:\/\/diarioavancetabasco.com\/index.php?rest_route=\/wp\/v2\/types\/post"}],"author":[{"embeddable":true,"href":"https:\/\/diarioavancetabasco.com\/index.php?rest_route=\/wp\/v2\/users\/2"}],"replies":[{"embeddable":true,"href":"https:\/\/diarioavancetabasco.com\/index.php?rest_route=%2Fwp%2Fv2%2Fcomments&post=370581"}],"version-history":[{"count":2,"href":"https:\/\/diarioavancetabasco.com\/index.php?rest_route=\/wp\/v2\/posts\/370581\/revisions"}],"predecessor-version":[{"id":370606,"href":"https:\/\/diarioavancetabasco.com\/index.php?rest_route=\/wp\/v2\/posts\/370581\/revisions\/370606"}],"wp:featuredmedia":[{"embeddable":true,"href":"https:\/\/diarioavancetabasco.com\/index.php?rest_route=\/wp\/v2\/media\/370579"}],"wp:attachment":[{"href":"https:\/\/diarioavancetabasco.com\/index.php?rest_route=%2Fwp%2Fv2%2Fmedia&parent=370581"}],"wp:term":[{"taxonomy":"category","embeddable":true,"href":"https:\/\/diarioavancetabasco.com\/index.php?rest_route=%2Fwp%2Fv2%2Fcategories&post=370581"},{"taxonomy":"post_tag","embeddable":true,"href":"https:\/\/diarioavancetabasco.com\/index.php?rest_route=%2Fwp%2Fv2%2Ftags&post=370581"}],"curies":[{"name":"wp","href":"https:\/\/api.w.org\/{rel}","templated":true}]}}