{"id":370585,"date":"2019-02-05T00:36:26","date_gmt":"2019-02-05T06:36:26","guid":{"rendered":"http:\/\/diarioavancetabasco.com\/?p=370585"},"modified":"2019-02-05T00:36:27","modified_gmt":"2019-02-05T06:36:27","slug":"el-pueblo-se-cansa-de-tanta-pinche-transa","status":"publish","type":"post","link":"https:\/\/diarioavancetabasco.com\/?p=370585","title":{"rendered":"El pueblo se cansa de  tanta pinche transa"},"content":{"rendered":"<p><!--\np.p1 {margin: 0.0px 0.0px 0.0px 0.0px; text-align: justify; line-height: 10.0px; font: 52.0px Whitman}\np.p2 {margin: 0.0px 0.0px 0.0px 0.0px; text-align: justify; line-height: 10.0px; font: 10.0px Whitman}\np.p3 {margin: 0.0px 0.0px 0.0px 0.0px; text-align: justify; text-indent: 6.0px; line-height: 10.0px; font: 10.0px Whitman}\nspan.s1 {letter-spacing: -0.2px}\n-->\u201cEl pueblo se cansa de tanta pinche transa\u201d, afirm\u00f3 el presidente Andr\u00e9s Manuel L\u00f3pez Obrador al advertir que cualquier juez o ministro que proteja a delincuentes de cuello blanco, ser\u00e1n denunciados.<\/p>\n<p>En su conferencia de prensa ma\u00f1anera, el jefe del Ejecutivo federal confirm\u00f3 que intervino ante la Suprema Corte de Justicia de la Naci\u00f3n (SCJN) para evitar que se le devolviera impuestos a ex accionistas de Grupo Modelo.<\/p>\n<p>Dijo que el consejero jur\u00eddico de la Presidencia, Julio Scherer y la titular del SAT, Margarita R\u00edos, hablaron con los ministros de manera respetuosa para exponer los argumentos del por qu\u00e9 no deber\u00edan de regresar esos impuestos.<\/p>\n<p>\u201cCualquier juez, magistrado, ministro, que proteja a un delincuente de cuello blanco, que solape a un acto de corrupci\u00f3n, cuando menos, va a ser denunciado, cuando menos. Nada de que me voy a quedar callado, una cosa es el respeto a otro poder y otra cosa es que sabiendo que hubo una transa, me qued\u00e9 yo callado, porque no voy a ser c\u00f3mplice. El pueblo se cansa de tanta pinche transa, para que quede claro\u201d, expres\u00f3.<\/p>\n","protected":false},"excerpt":{"rendered":"<p>\u201cEl pueblo se cansa de tanta pinche transa\u201d, afirm\u00f3 el presidente Andr\u00e9s Manuel L\u00f3pez Obrador al advertir que cualquier juez o ministro que proteja a delincuentes de cuello blanco, ser\u00e1n denunciados. En su conferencia de prensa ma\u00f1anera, el jefe del Ejecutivo federal confirm\u00f3 que intervino ante la Suprema Corte de Justicia de la Naci\u00f3n (SCJN) [&hellip;]<\/p>\n","protected":false},"author":2,"featured_media":370586,"comment_status":"closed","ping_status":"closed","sticky":false,"template":"","format":"standard","meta":{"footnotes":""},"categories":[9],"tags":[],"class_list":["post-370585","post","type-post","status-publish","format-standard","has-post-thumbnail","hentry","category-politica"],"_links":{"self":[{"href":"https:\/\/diarioavancetabasco.com\/index.php?rest_route=\/wp\/v2\/posts\/370585","targetHints":{"allow":["GET"]}}],"collection":[{"href":"https:\/\/diarioavancetabasco.com\/index.php?rest_route=\/wp\/v2\/posts"}],"about":[{"href":"https:\/\/diarioavancetabasco.com\/index.php?rest_route=\/wp\/v2\/types\/post"}],"author":[{"embeddable":true,"href":"https:\/\/diarioavancetabasco.com\/index.php?rest_route=\/wp\/v2\/users\/2"}],"replies":[{"embeddable":true,"href":"https:\/\/diarioavancetabasco.com\/index.php?rest_route=%2Fwp%2Fv2%2Fcomments&post=370585"}],"version-history":[{"count":2,"href":"https:\/\/diarioavancetabasco.com\/index.php?rest_route=\/wp\/v2\/posts\/370585\/revisions"}],"predecessor-version":[{"id":370609,"href":"https:\/\/diarioavancetabasco.com\/index.php?rest_route=\/wp\/v2\/posts\/370585\/revisions\/370609"}],"wp:featuredmedia":[{"embeddable":true,"href":"https:\/\/diarioavancetabasco.com\/index.php?rest_route=\/wp\/v2\/media\/370586"}],"wp:attachment":[{"href":"https:\/\/diarioavancetabasco.com\/index.php?rest_route=%2Fwp%2Fv2%2Fmedia&parent=370585"}],"wp:term":[{"taxonomy":"category","embeddable":true,"href":"https:\/\/diarioavancetabasco.com\/index.php?rest_route=%2Fwp%2Fv2%2Fcategories&post=370585"},{"taxonomy":"post_tag","embeddable":true,"href":"https:\/\/diarioavancetabasco.com\/index.php?rest_route=%2Fwp%2Fv2%2Ftags&post=370585"}],"curies":[{"name":"wp","href":"https:\/\/api.w.org\/{rel}","templated":true}]}}