{"id":370633,"date":"2019-02-05T21:14:29","date_gmt":"2019-02-06T03:14:29","guid":{"rendered":"http:\/\/diarioavancetabasco.com\/?p=370633"},"modified":"2019-02-05T21:14:29","modified_gmt":"2019-02-06T03:14:29","slug":"bukele-presidente-electo","status":"publish","type":"post","link":"https:\/\/diarioavancetabasco.com\/?p=370633","title":{"rendered":"Bukele, presidente electo"},"content":{"rendered":"<style type=\"text\/css\"><!--\np.p1 {margin: 0.0px 0.0px 0.0px 0.0px; text-align: justify; line-height: 10.0px; font: 52.0px Whitman}\np.p2 {margin: 0.0px 0.0px 0.0px 0.0px; text-align: justify; line-height: 10.0px; font: 10.0px Whitman}\np.p3 {margin: 0.0px 0.0px 0.0px 0.0px; text-align: justify; text-indent: 6.0px; line-height: 10.0px; font: 10.0px Whitman}\np.p4 {margin: 0.0px 0.0px 0.0px 0.0px; text-align: justify; text-indent: 6.0px; line-height: 10.0px; font: 10.0px Whitman; min-height: 12.0px}\np.p5 {margin: 0.0px 0.0px 0.0px 0.0px; line-height: 10.0px; font: 11.0px Amplitude}\nspan.s1 {letter-spacing: -0.2px}\nspan.s2 {letter-spacing: -0.1px}\n--><\/style>\n<p>El presidente del Tribunal Supremo Electoral (TSE) de El Salvador, Julio Olivo, se\u00f1al\u00f3 que el escrutinio final de los comicios presidenciales,\u00a0 dio como resultado final al candidato de la derechista Gran Alianza por la Unidad Nacional, Nayib Bukele.<\/p>\n<p>Con 99.94% de las actas contadas, Bukele alcanz\u00f3 53.3% de la votaci\u00f3n y venci\u00f3 a la coalici\u00f3n derechista encabezada por la tradicional Alianza Republicana Nacionalista (Arena), que obtuvo 31.7% de los sufragios.<\/p>\n<p>Tambi\u00e9n se impuso a la izquierda gobernante del Frente Farabundo Mart\u00ed para la Liberaci\u00f3n Nacional (FMLN), que sum\u00f3 14.4% de los votos para el excanciller Hugo Mart\u00ednez, y al minoritario partido Vamos, que logr\u00f3 0.78 por ciento.<\/p>\n<p>El funcionario se\u00f1al\u00f3 ayer que en los comicios, a los que estaban convocados m\u00e1s de 5.2 millones de electores, se registr\u00f3 51.8 % de participaci\u00f3n. El presidente del ente rector de los comicios no adelant\u00f3 una fecha para la proclamaci\u00f3n de Bukele como presidente electo.<\/p>\n<p>Los datos preliminares del TSE, cuyo sitio de difusi\u00f3n de resultados no funcion\u00f3 y public\u00f3 las cifras por las redes sociales, dieron la victoria a Bukele en primera vuelta con un mill\u00f3n 388 mil 009 votos, 53.3 por ciento.<\/p>\n<p>&nbsp;<\/p>\n<p><b>ADVIERTEN ANALISTAS<\/b><\/p>\n<p>El presidente electo de El Salvador, Nayib Bukele, asumir\u00e1 el poder en junio con el desaf\u00edo de tender puentes con el Legislativo para romper con el lastre del tradicional bipartidismo y lograr fortalecer la econom\u00eda y combatir a las violentas pandillas, advirtieron analistas.<\/p>\n","protected":false},"excerpt":{"rendered":"<p>El presidente del Tribunal Supremo Electoral (TSE) de El Salvador, Julio Olivo, se\u00f1al\u00f3 que el escrutinio final de los comicios presidenciales,\u00a0 dio como resultado final al candidato de la derechista Gran Alianza por la Unidad Nacional, Nayib Bukele. Con 99.94% de las actas contadas, Bukele alcanz\u00f3 53.3% de la votaci\u00f3n y venci\u00f3 a la coalici\u00f3n [&hellip;]<\/p>\n","protected":false},"author":2,"featured_media":370624,"comment_status":"closed","ping_status":"closed","sticky":false,"template":"","format":"standard","meta":{"footnotes":""},"categories":[4],"tags":[],"class_list":["post-370633","post","type-post","status-publish","format-standard","has-post-thumbnail","hentry","category-mundo"],"_links":{"self":[{"href":"https:\/\/diarioavancetabasco.com\/index.php?rest_route=\/wp\/v2\/posts\/370633","targetHints":{"allow":["GET"]}}],"collection":[{"href":"https:\/\/diarioavancetabasco.com\/index.php?rest_route=\/wp\/v2\/posts"}],"about":[{"href":"https:\/\/diarioavancetabasco.com\/index.php?rest_route=\/wp\/v2\/types\/post"}],"author":[{"embeddable":true,"href":"https:\/\/diarioavancetabasco.com\/index.php?rest_route=\/wp\/v2\/users\/2"}],"replies":[{"embeddable":true,"href":"https:\/\/diarioavancetabasco.com\/index.php?rest_route=%2Fwp%2Fv2%2Fcomments&post=370633"}],"version-history":[{"count":1,"href":"https:\/\/diarioavancetabasco.com\/index.php?rest_route=\/wp\/v2\/posts\/370633\/revisions"}],"predecessor-version":[{"id":370634,"href":"https:\/\/diarioavancetabasco.com\/index.php?rest_route=\/wp\/v2\/posts\/370633\/revisions\/370634"}],"wp:featuredmedia":[{"embeddable":true,"href":"https:\/\/diarioavancetabasco.com\/index.php?rest_route=\/wp\/v2\/media\/370624"}],"wp:attachment":[{"href":"https:\/\/diarioavancetabasco.com\/index.php?rest_route=%2Fwp%2Fv2%2Fmedia&parent=370633"}],"wp:term":[{"taxonomy":"category","embeddable":true,"href":"https:\/\/diarioavancetabasco.com\/index.php?rest_route=%2Fwp%2Fv2%2Fcategories&post=370633"},{"taxonomy":"post_tag","embeddable":true,"href":"https:\/\/diarioavancetabasco.com\/index.php?rest_route=%2Fwp%2Fv2%2Ftags&post=370633"}],"curies":[{"name":"wp","href":"https:\/\/api.w.org\/{rel}","templated":true}]}}