{"id":370641,"date":"2019-02-06T00:25:41","date_gmt":"2019-02-06T06:25:41","guid":{"rendered":"http:\/\/diarioavancetabasco.com\/?p=370641"},"modified":"2019-02-06T00:25:42","modified_gmt":"2019-02-06T06:25:42","slug":"plan-de-austeridad-de-adan-va-en-serio","status":"publish","type":"post","link":"https:\/\/diarioavancetabasco.com\/?p=370641","title":{"rendered":"Plan de austeridad  de Ad\u00e1n, va en serio"},"content":{"rendered":"<p><!--\np.p1 {margin: 0.0px 0.0px 0.0px 0.0px; text-align: justify; line-height: 10.0px; font: 52.0px Whitman}\np.p2 {margin: 0.0px 0.0px 0.0px 0.0px; text-align: justify; line-height: 10.0px; font: 10.0px Whitman}\np.p3 {margin: 0.0px 0.0px 0.0px 0.0px; text-align: justify; text-indent: 6.0px; line-height: 10.0px; font: 10.0px Whitman}\nspan.s1 {letter-spacing: -0.2px}\n-->El titular de la Secretar\u00eda de Administraci\u00f3n e Innovaci\u00f3n Gubernamental, \u00d3scar Palomera Cano, dej\u00f3 en claro que en la administraci\u00f3n de \u00a0Ad\u00e1n Augusto L\u00f3pez \u00a0Hern\u00e1ndez, el plan de austeridad va en serio por lo que se har\u00e1n todos los ajustes que sean necesarios.<\/p>\n<p>Durante su arribo al Palacio de Gobierno, el funcionario estatal indic\u00f3 que su dependencia le dar\u00e1 seguimiento a este plan de austeridad, para determinar cu\u00e1ntos recursos se pueden ahorrar.<\/p>\n<p>\u201cEl se\u00f1or gobernador nos ha dado instrucciones de que la austeridad va a llegar y es en serio\u201d<\/p>\n<p>Coment\u00f3 que \u00a0junto con la Secretar\u00eda de la Funci\u00f3n P\u00fablica se est\u00e1n haciendo todos los ajustes para que por medio de los \u00f3rganos internos de control \u00a0se maneje este seguimiento en cada una de las dependencias\u201d.<\/p>\n<p>Palomera Cano resalt\u00f3 que actualmente este ahorro parte de los mil millones de pesos, para arriba.<\/p>\n<p>Destac\u00f3 que es una orden del ejecutivo disminuir todos los gastos en las dependencias de gobierno pues este es un verdadero plan de austeridad que \u00e9l mismos gobernador ha instruido.<\/p>\n","protected":false},"excerpt":{"rendered":"<p>El titular de la Secretar\u00eda de Administraci\u00f3n e Innovaci\u00f3n Gubernamental, \u00d3scar Palomera Cano, dej\u00f3 en claro que en la administraci\u00f3n de \u00a0Ad\u00e1n Augusto L\u00f3pez \u00a0Hern\u00e1ndez, el plan de austeridad va en serio por lo que se har\u00e1n todos los ajustes que sean necesarios. Durante su arribo al Palacio de Gobierno, el funcionario estatal indic\u00f3 que [&hellip;]<\/p>\n","protected":false},"author":2,"featured_media":370618,"comment_status":"closed","ping_status":"closed","sticky":false,"template":"","format":"standard","meta":{"footnotes":""},"categories":[9],"tags":[],"class_list":["post-370641","post","type-post","status-publish","format-standard","has-post-thumbnail","hentry","category-politica"],"_links":{"self":[{"href":"https:\/\/diarioavancetabasco.com\/index.php?rest_route=\/wp\/v2\/posts\/370641","targetHints":{"allow":["GET"]}}],"collection":[{"href":"https:\/\/diarioavancetabasco.com\/index.php?rest_route=\/wp\/v2\/posts"}],"about":[{"href":"https:\/\/diarioavancetabasco.com\/index.php?rest_route=\/wp\/v2\/types\/post"}],"author":[{"embeddable":true,"href":"https:\/\/diarioavancetabasco.com\/index.php?rest_route=\/wp\/v2\/users\/2"}],"replies":[{"embeddable":true,"href":"https:\/\/diarioavancetabasco.com\/index.php?rest_route=%2Fwp%2Fv2%2Fcomments&post=370641"}],"version-history":[{"count":2,"href":"https:\/\/diarioavancetabasco.com\/index.php?rest_route=\/wp\/v2\/posts\/370641\/revisions"}],"predecessor-version":[{"id":370687,"href":"https:\/\/diarioavancetabasco.com\/index.php?rest_route=\/wp\/v2\/posts\/370641\/revisions\/370687"}],"wp:featuredmedia":[{"embeddable":true,"href":"https:\/\/diarioavancetabasco.com\/index.php?rest_route=\/wp\/v2\/media\/370618"}],"wp:attachment":[{"href":"https:\/\/diarioavancetabasco.com\/index.php?rest_route=%2Fwp%2Fv2%2Fmedia&parent=370641"}],"wp:term":[{"taxonomy":"category","embeddable":true,"href":"https:\/\/diarioavancetabasco.com\/index.php?rest_route=%2Fwp%2Fv2%2Fcategories&post=370641"},{"taxonomy":"post_tag","embeddable":true,"href":"https:\/\/diarioavancetabasco.com\/index.php?rest_route=%2Fwp%2Fv2%2Ftags&post=370641"}],"curies":[{"name":"wp","href":"https:\/\/api.w.org\/{rel}","templated":true}]}}