{"id":370645,"date":"2019-02-06T00:27:11","date_gmt":"2019-02-06T06:27:11","guid":{"rendered":"http:\/\/diarioavancetabasco.com\/?p=370645"},"modified":"2019-02-06T00:27:22","modified_gmt":"2019-02-06T06:27:22","slug":"comerciantes-podrian-repuntar-en-sus-ventas","status":"publish","type":"post","link":"https:\/\/diarioavancetabasco.com\/?p=370645","title":{"rendered":"Comerciantes podr\u00edan repuntar en sus ventas"},"content":{"rendered":"<p><!--\np.p1 {margin: 0.0px 0.0px 0.0px 0.0px; text-align: justify; line-height: 10.0px; font: 52.0px Whitman}\np.p2 {margin: 0.0px 0.0px 0.0px 0.0px; text-align: justify; line-height: 10.0px; font: 10.0px Whitman}\np.p3 {margin: 0.0px 0.0px 0.0px 0.0px; text-align: justify; text-indent: 6.0px; line-height: 10.0px; font: 10.0px Whitman}\nspan.s1 {letter-spacing: -0.2px}\nspan.s2 {letter-spacing: -0.3px}\n-->JONUTA, TAB.- Comerciantes adheridos a la CANACO en este municipio estiman una derrama econ\u00f3mica considerable con motivo de la celebraci\u00f3n del D\u00eda de San Valent\u00edn, lo que representar\u00eda un alza del 100 con respecto al a\u00f1o pasado.<\/p>\n<p>Al respecto el vicepresidente honorifico de la delegaci\u00f3n de la Canaco, Enrique Estrada Mart\u00ednez se\u00f1alo que para la celebraci\u00f3n se estima un gasto promedio base para alg\u00fan regalo de cien pesos, mientras que el gasto para invitar a la pareja a festejar la fecha ser\u00eda de 500 pesos en promedio, aunque podr\u00eda ser mayor seg\u00fan las posibilidades econ\u00f3micas particulares.<\/p>\n<p>Indic\u00f3 que este a\u00f1o el D\u00eda de San Valent\u00edn es el jueves 14 de febrero, que en un contexto normal ser\u00eda muy propicio para que el festejo tuviera un mayor impacto, incluso iniciar desde esta semana.<\/p>\n<p>Por su parte negociantes del giro de regalos prev\u00e9n que tener buenas ventas empezando la actividad comercial desde la presente semana y se mantenga hasta el domingo, esperando impulse el \u00e1nimo de celebraci\u00f3n entre la poblaci\u00f3n, as\u00ed que lo ven como un factor positivo.<\/p>\n","protected":false},"excerpt":{"rendered":"<p>JONUTA, TAB.- Comerciantes adheridos a la CANACO en este municipio estiman una derrama econ\u00f3mica considerable con motivo de la celebraci\u00f3n del D\u00eda de San Valent\u00edn, lo que representar\u00eda un alza del 100 con respecto al a\u00f1o pasado. Al respecto el vicepresidente honorifico de la delegaci\u00f3n de la Canaco, Enrique Estrada Mart\u00ednez se\u00f1alo que para la [&hellip;]<\/p>\n","protected":false},"author":2,"featured_media":370619,"comment_status":"closed","ping_status":"closed","sticky":false,"template":"","format":"standard","meta":{"footnotes":""},"categories":[12],"tags":[],"class_list":["post-370645","post","type-post","status-publish","format-standard","has-post-thumbnail","hentry","category-municipios"],"_links":{"self":[{"href":"https:\/\/diarioavancetabasco.com\/index.php?rest_route=\/wp\/v2\/posts\/370645","targetHints":{"allow":["GET"]}}],"collection":[{"href":"https:\/\/diarioavancetabasco.com\/index.php?rest_route=\/wp\/v2\/posts"}],"about":[{"href":"https:\/\/diarioavancetabasco.com\/index.php?rest_route=\/wp\/v2\/types\/post"}],"author":[{"embeddable":true,"href":"https:\/\/diarioavancetabasco.com\/index.php?rest_route=\/wp\/v2\/users\/2"}],"replies":[{"embeddable":true,"href":"https:\/\/diarioavancetabasco.com\/index.php?rest_route=%2Fwp%2Fv2%2Fcomments&post=370645"}],"version-history":[{"count":2,"href":"https:\/\/diarioavancetabasco.com\/index.php?rest_route=\/wp\/v2\/posts\/370645\/revisions"}],"predecessor-version":[{"id":370689,"href":"https:\/\/diarioavancetabasco.com\/index.php?rest_route=\/wp\/v2\/posts\/370645\/revisions\/370689"}],"wp:featuredmedia":[{"embeddable":true,"href":"https:\/\/diarioavancetabasco.com\/index.php?rest_route=\/wp\/v2\/media\/370619"}],"wp:attachment":[{"href":"https:\/\/diarioavancetabasco.com\/index.php?rest_route=%2Fwp%2Fv2%2Fmedia&parent=370645"}],"wp:term":[{"taxonomy":"category","embeddable":true,"href":"https:\/\/diarioavancetabasco.com\/index.php?rest_route=%2Fwp%2Fv2%2Fcategories&post=370645"},{"taxonomy":"post_tag","embeddable":true,"href":"https:\/\/diarioavancetabasco.com\/index.php?rest_route=%2Fwp%2Fv2%2Ftags&post=370645"}],"curies":[{"name":"wp","href":"https:\/\/api.w.org\/{rel}","templated":true}]}}