{"id":370653,"date":"2019-02-06T00:32:13","date_gmt":"2019-02-06T06:32:13","guid":{"rendered":"http:\/\/diarioavancetabasco.com\/?p=370653"},"modified":"2019-02-06T00:33:02","modified_gmt":"2019-02-06T06:33:02","slug":"alma-cero-y-espejel-tronaron","status":"publish","type":"post","link":"https:\/\/diarioavancetabasco.com\/?p=370653","title":{"rendered":"Alma Cero  y Espejel tronaron"},"content":{"rendered":"<p><!--\np.p1 {margin: 0.0px 0.0px 0.0px 0.0px; text-align: justify; line-height: 10.0px; font: 10.0px Whitman}\np.p2 {margin: 0.0px 0.0px 0.0px 0.0px; text-align: justify; text-indent: 6.0px; line-height: 10.0px; font: 10.0px Whitman}\n-->La actriz Alma Cero dio a conocer que su relaci\u00f3n con el actor Carlos Espejel lleg\u00f3 a su final y asegur\u00f3 que ser\u00e1 una parte importante en su vida.<\/p>\n<p>La comediante comparti\u00f3 que cuando comenz\u00f3 su romance \u201cle pusieron una etiqueta a esa relaci\u00f3n que yo trat\u00e9 de mantener como lo m\u00e1s discreta posible por muchas razones, \u00e9l tambi\u00e9n tra\u00eda una transici\u00f3n ah\u00ed, entonces, le ped\u00ed desde hace tiempo que me dejara sanar en ese sentido\u201d, explic\u00f3 en entrevista con Ventaneando.<\/p>\n<p>Cero no dio m\u00e1s detalles por los que la relaci\u00f3n lleg\u00f3 a su final y asegur\u00f3 que es \u201cun hombre maravilloso, es hermoso en todos los sentidos\u201d.<\/p>\n<p>Sin embargo, no tiene la intenci\u00f3n de retomar la relaci\u00f3n. \u201cYo lo quiero mucho\u201d.<\/p>\n<p>La relaci\u00f3n de Alma Cero y Carlos Espejel comenz\u00f3 cuando coincidieron en la telenovela Tres Familias, de TV Azteca, en 2017.<\/p>\n","protected":false},"excerpt":{"rendered":"<p>La actriz Alma Cero dio a conocer que su relaci\u00f3n con el actor Carlos Espejel lleg\u00f3 a su final y asegur\u00f3 que ser\u00e1 una parte importante en su vida. La comediante comparti\u00f3 que cuando comenz\u00f3 su romance \u201cle pusieron una etiqueta a esa relaci\u00f3n que yo trat\u00e9 de mantener como lo m\u00e1s discreta posible por [&hellip;]<\/p>\n","protected":false},"author":2,"featured_media":370625,"comment_status":"closed","ping_status":"closed","sticky":false,"template":"","format":"standard","meta":{"footnotes":""},"categories":[11],"tags":[],"class_list":["post-370653","post","type-post","status-publish","format-standard","has-post-thumbnail","hentry","category-espectaculos"],"_links":{"self":[{"href":"https:\/\/diarioavancetabasco.com\/index.php?rest_route=\/wp\/v2\/posts\/370653","targetHints":{"allow":["GET"]}}],"collection":[{"href":"https:\/\/diarioavancetabasco.com\/index.php?rest_route=\/wp\/v2\/posts"}],"about":[{"href":"https:\/\/diarioavancetabasco.com\/index.php?rest_route=\/wp\/v2\/types\/post"}],"author":[{"embeddable":true,"href":"https:\/\/diarioavancetabasco.com\/index.php?rest_route=\/wp\/v2\/users\/2"}],"replies":[{"embeddable":true,"href":"https:\/\/diarioavancetabasco.com\/index.php?rest_route=%2Fwp%2Fv2%2Fcomments&post=370653"}],"version-history":[{"count":2,"href":"https:\/\/diarioavancetabasco.com\/index.php?rest_route=\/wp\/v2\/posts\/370653\/revisions"}],"predecessor-version":[{"id":370693,"href":"https:\/\/diarioavancetabasco.com\/index.php?rest_route=\/wp\/v2\/posts\/370653\/revisions\/370693"}],"wp:featuredmedia":[{"embeddable":true,"href":"https:\/\/diarioavancetabasco.com\/index.php?rest_route=\/wp\/v2\/media\/370625"}],"wp:attachment":[{"href":"https:\/\/diarioavancetabasco.com\/index.php?rest_route=%2Fwp%2Fv2%2Fmedia&parent=370653"}],"wp:term":[{"taxonomy":"category","embeddable":true,"href":"https:\/\/diarioavancetabasco.com\/index.php?rest_route=%2Fwp%2Fv2%2Fcategories&post=370653"},{"taxonomy":"post_tag","embeddable":true,"href":"https:\/\/diarioavancetabasco.com\/index.php?rest_route=%2Fwp%2Fv2%2Ftags&post=370653"}],"curies":[{"name":"wp","href":"https:\/\/api.w.org\/{rel}","templated":true}]}}