{"id":370668,"date":"2019-02-06T00:37:30","date_gmt":"2019-02-06T06:37:30","guid":{"rendered":"http:\/\/diarioavancetabasco.com\/?p=370668"},"modified":"2019-02-06T00:37:34","modified_gmt":"2019-02-06T06:37:34","slug":"se-aplicara-emprestito-a-obra-publica-adan","status":"publish","type":"post","link":"https:\/\/diarioavancetabasco.com\/?p=370668","title":{"rendered":"Se aplicar\u00e1 empr\u00e9stito a Obra P\u00fablica: Ad\u00e1n"},"content":{"rendered":"<p><!--\np.p1 {margin: 0.0px 0.0px 0.0px 0.0px; text-align: justify; text-indent: 6.0px; line-height: 10.0px; font: 10.0px Whitman}\nspan.s1 {letter-spacing: -0.2px}\n-->El empr\u00e9stito que realice la actual \u00a0administraci\u00f3n gubernamental en Tabasco, no se utilizar\u00e1 para \u00a0el equipamiento del sector salud, si no para el rubro de la obra p\u00fablica, se\u00f1al\u00f3, Adan Augusto L\u00f3pez Hern\u00e1ndez.<\/p>\n<p>Y es que el mandatario confirm\u00f3 la solicitud de un empr\u00e9stito en su gobierno, pero ser\u00e1 para obra p\u00fablica estatal.<\/p>\n<p>Y es que habr\u00e1 de presentar la solicitud para reorientar el presupuesto, para posteriormente hacer el requerimiento ante los integrantes de la Sexag\u00e9sima Tercera Legislatura del Congreso del Estado.\u00a0\u201cEste proceso arroje la informaci\u00f3n como los ahorros que se tendr\u00e1n con las medidas de austeridad, Al igual estamos definiendo con el Gobierno Federal con qu\u00e9 obra p\u00fablica contaremos con recursos federales. -\u00bfCu\u00e1nto recurso estar\u00edan solicitando? Todav\u00eda no\u00a0lo sabemos porque va a depender de acuerdo a los proyectos que se vayan a ejecutar. No sabemos la cantidad, hay que esperar a que se tengan los proyectos ejecutivos, las autorizaciones respectivas y podamos tener los montos\u201d. L\u00f3pez Hern\u00e1ndez , confirm\u00f3 que en pl\u00e1ticas con autoridades de la CFE se acord\u00f3, se suspendan los cortes a instituciones p\u00fablicas, en tanto se termina de revisar la situaci\u00f3n.<\/p>\n","protected":false},"excerpt":{"rendered":"<p>El empr\u00e9stito que realice la actual \u00a0administraci\u00f3n gubernamental en Tabasco, no se utilizar\u00e1 para \u00a0el equipamiento del sector salud, si no para el rubro de la obra p\u00fablica, se\u00f1al\u00f3, Adan Augusto L\u00f3pez Hern\u00e1ndez. Y es que el mandatario confirm\u00f3 la solicitud de un empr\u00e9stito en su gobierno, pero ser\u00e1 para obra p\u00fablica estatal. Y es [&hellip;]<\/p>\n","protected":false},"author":2,"featured_media":370662,"comment_status":"closed","ping_status":"closed","sticky":false,"template":"","format":"standard","meta":{"footnotes":""},"categories":[9],"tags":[],"class_list":["post-370668","post","type-post","status-publish","format-standard","has-post-thumbnail","hentry","category-politica"],"_links":{"self":[{"href":"https:\/\/diarioavancetabasco.com\/index.php?rest_route=\/wp\/v2\/posts\/370668","targetHints":{"allow":["GET"]}}],"collection":[{"href":"https:\/\/diarioavancetabasco.com\/index.php?rest_route=\/wp\/v2\/posts"}],"about":[{"href":"https:\/\/diarioavancetabasco.com\/index.php?rest_route=\/wp\/v2\/types\/post"}],"author":[{"embeddable":true,"href":"https:\/\/diarioavancetabasco.com\/index.php?rest_route=\/wp\/v2\/users\/2"}],"replies":[{"embeddable":true,"href":"https:\/\/diarioavancetabasco.com\/index.php?rest_route=%2Fwp%2Fv2%2Fcomments&post=370668"}],"version-history":[{"count":2,"href":"https:\/\/diarioavancetabasco.com\/index.php?rest_route=\/wp\/v2\/posts\/370668\/revisions"}],"predecessor-version":[{"id":370697,"href":"https:\/\/diarioavancetabasco.com\/index.php?rest_route=\/wp\/v2\/posts\/370668\/revisions\/370697"}],"wp:featuredmedia":[{"embeddable":true,"href":"https:\/\/diarioavancetabasco.com\/index.php?rest_route=\/wp\/v2\/media\/370662"}],"wp:attachment":[{"href":"https:\/\/diarioavancetabasco.com\/index.php?rest_route=%2Fwp%2Fv2%2Fmedia&parent=370668"}],"wp:term":[{"taxonomy":"category","embeddable":true,"href":"https:\/\/diarioavancetabasco.com\/index.php?rest_route=%2Fwp%2Fv2%2Fcategories&post=370668"},{"taxonomy":"post_tag","embeddable":true,"href":"https:\/\/diarioavancetabasco.com\/index.php?rest_route=%2Fwp%2Fv2%2Ftags&post=370668"}],"curies":[{"name":"wp","href":"https:\/\/api.w.org\/{rel}","templated":true}]}}