{"id":370735,"date":"2019-02-07T00:20:02","date_gmt":"2019-02-07T06:20:02","guid":{"rendered":"http:\/\/diarioavancetabasco.com\/?p=370735"},"modified":"2019-02-07T00:20:16","modified_gmt":"2019-02-07T06:20:16","slug":"reglamento-reubicara-al-comercio-informal","status":"publish","type":"post","link":"https:\/\/diarioavancetabasco.com\/?p=370735","title":{"rendered":"Reglamento reubicar\u00e1 al comercio informal"},"content":{"rendered":"<p><!--\np.p1 {margin: 0.0px 0.0px 0.0px 0.0px; text-align: justify; line-height: 10.0px; font: 52.0px Whitman}\np.p2 {margin: 0.0px 0.0px 0.0px 0.0px; text-align: justify; line-height: 10.0px; font: 10.0px Whitman}\np.p3 {margin: 0.0px 0.0px 0.0px 0.0px; text-align: justify; text-indent: 6.0px; line-height: 10.0px; font: 10.0px Whitman}\nspan.s1 {letter-spacing: -0.2px}\nspan.s2 {letter-spacing: -0.1px}\n-->C\u00c1RDENAS, TAB.- El predio ubicado en la esquina que conforma la calle Miguel Orrico de los Llanos y parque central,\u00a0 ser\u00e1 habilitado como tianguis a donde ir\u00e1n\u00a0 reubicados algunos comerciantes que ocupan la v\u00eda p\u00fablica, revelo el coordinador de Normatividad y Fiscalizaci\u00f3n (reglamentos), Mateo Hern\u00e1ndez Arias.<\/p>\n<p>Todo ello en el entendido de que el presidente municipal \u201cquien es el m\u00e1s interesado que el comercio informal tome su lugar, pero no obstruyendo la v\u00eda p\u00fablica que tambi\u00e9n es utilizada por la ciudadan\u00eda y en esta esquina que se ha mantenido en el olvido, y que se dijera que se construir\u00eda una tienda Del Sol, no ser\u00e1 as\u00ed; aqu\u00ed se habilitar\u00e1 para ubicar un tianguis\u201d, afirmo el funcionario.<\/p>\n<p>De igual modo, Mateo Hern\u00e1ndez, manifest\u00f3 que \u201cesta dependencia se da a la tarea de buscar lugares apropiados donde colocar a aquellos comerciantes que obstruyen los pasos peatonales, como este del cual hablamos que se ubica a un costado de la Parroquia de San Antonio de Padua, en el coraz\u00f3n de la ciudad, buscando el bienestar com\u00fan ciudadano\u201d apunt\u00f3.<\/p>\n","protected":false},"excerpt":{"rendered":"<p>C\u00c1RDENAS, TAB.- El predio ubicado en la esquina que conforma la calle Miguel Orrico de los Llanos y parque central,\u00a0 ser\u00e1 habilitado como tianguis a donde ir\u00e1n\u00a0 reubicados algunos comerciantes que ocupan la v\u00eda p\u00fablica, revelo el coordinador de Normatividad y Fiscalizaci\u00f3n (reglamentos), Mateo Hern\u00e1ndez Arias. Todo ello en el entendido de que el presidente [&hellip;]<\/p>\n","protected":false},"author":2,"featured_media":370707,"comment_status":"closed","ping_status":"closed","sticky":false,"template":"","format":"standard","meta":{"footnotes":""},"categories":[12],"tags":[],"class_list":["post-370735","post","type-post","status-publish","format-standard","has-post-thumbnail","hentry","category-municipios"],"_links":{"self":[{"href":"https:\/\/diarioavancetabasco.com\/index.php?rest_route=\/wp\/v2\/posts\/370735","targetHints":{"allow":["GET"]}}],"collection":[{"href":"https:\/\/diarioavancetabasco.com\/index.php?rest_route=\/wp\/v2\/posts"}],"about":[{"href":"https:\/\/diarioavancetabasco.com\/index.php?rest_route=\/wp\/v2\/types\/post"}],"author":[{"embeddable":true,"href":"https:\/\/diarioavancetabasco.com\/index.php?rest_route=\/wp\/v2\/users\/2"}],"replies":[{"embeddable":true,"href":"https:\/\/diarioavancetabasco.com\/index.php?rest_route=%2Fwp%2Fv2%2Fcomments&post=370735"}],"version-history":[{"count":2,"href":"https:\/\/diarioavancetabasco.com\/index.php?rest_route=\/wp\/v2\/posts\/370735\/revisions"}],"predecessor-version":[{"id":370778,"href":"https:\/\/diarioavancetabasco.com\/index.php?rest_route=\/wp\/v2\/posts\/370735\/revisions\/370778"}],"wp:featuredmedia":[{"embeddable":true,"href":"https:\/\/diarioavancetabasco.com\/index.php?rest_route=\/wp\/v2\/media\/370707"}],"wp:attachment":[{"href":"https:\/\/diarioavancetabasco.com\/index.php?rest_route=%2Fwp%2Fv2%2Fmedia&parent=370735"}],"wp:term":[{"taxonomy":"category","embeddable":true,"href":"https:\/\/diarioavancetabasco.com\/index.php?rest_route=%2Fwp%2Fv2%2Fcategories&post=370735"},{"taxonomy":"post_tag","embeddable":true,"href":"https:\/\/diarioavancetabasco.com\/index.php?rest_route=%2Fwp%2Fv2%2Ftags&post=370735"}],"curies":[{"name":"wp","href":"https:\/\/api.w.org\/{rel}","templated":true}]}}