{"id":370741,"date":"2019-02-07T00:22:47","date_gmt":"2019-02-07T06:22:47","guid":{"rendered":"http:\/\/diarioavancetabasco.com\/?p=370741"},"modified":"2019-02-07T00:22:50","modified_gmt":"2019-02-07T06:22:50","slug":"bonilla-padece-cancer","status":"publish","type":"post","link":"https:\/\/diarioavancetabasco.com\/?p=370741","title":{"rendered":"Bonilla padece c\u00e1ncer"},"content":{"rendered":"<p><!--\np.p1 {margin: 0.0px 0.0px 0.0px 0.0px; text-align: justify; line-height: 10.0px; font: 52.0px Whitman}\np.p2 {margin: 0.0px 0.0px 0.0px 0.0px; text-align: justify; line-height: 10.0px; font: 10.0px Whitman}\np.p3 {margin: 0.0px 0.0px 0.0px 0.0px; text-align: justify; text-indent: 6.0px; line-height: 10.0px; font: 10.0px Whitman}\nspan.s1 {letter-spacing: -0.2px}\n-->El actor H\u00e9ctor Bonilla confirm\u00f3 que padece c\u00e1ncer en el ri\u00f1\u00f3n derecho, por lo que desde hace un mes se atiende en el Instituto Nacional de Ciencias M\u00e9dicas y Nutrici\u00f3n \u201cSalvador Zubir\u00e1n\u201d.<\/p>\n<p>\u201cLa doctora me dice que voy muy bien y la expectativa es ver qu\u00e9 pasa despu\u00e9s de los cuatro meses que dura el tratamiento, en eso estoy\u201d, declar\u00f3 a un programa de televisi\u00f3n.<\/p>\n<p>Aunque trascendi\u00f3 que el c\u00e1ncer que le aqueja se encuentra en etapa 4, Bonilla asegur\u00f3 que no es as\u00ed.<\/p>\n<p>A trav\u00e9s de su cuenta de Twitter, el actor tambi\u00e9n se manifest\u00f3 y escribi\u00f3:<\/p>\n<p>\u201cGajes de este agridulce oficio: mi salud es del inter\u00e9s de la rapi\u00f1a informativa (como si no hubiera temas m\u00e1s importantes para el pa\u00eds). S\u00ed, estoy enfermo, pero no exactamente como lo vociferan. Feliz y trabajando\u201d, escribi\u00f3.<\/p>\n","protected":false},"excerpt":{"rendered":"<p>El actor H\u00e9ctor Bonilla confirm\u00f3 que padece c\u00e1ncer en el ri\u00f1\u00f3n derecho, por lo que desde hace un mes se atiende en el Instituto Nacional de Ciencias M\u00e9dicas y Nutrici\u00f3n \u201cSalvador Zubir\u00e1n\u201d. \u201cLa doctora me dice que voy muy bien y la expectativa es ver qu\u00e9 pasa despu\u00e9s de los cuatro meses que dura el [&hellip;]<\/p>\n","protected":false},"author":2,"featured_media":370719,"comment_status":"closed","ping_status":"closed","sticky":false,"template":"","format":"standard","meta":{"footnotes":""},"categories":[11],"tags":[],"class_list":["post-370741","post","type-post","status-publish","format-standard","has-post-thumbnail","hentry","category-espectaculos"],"_links":{"self":[{"href":"https:\/\/diarioavancetabasco.com\/index.php?rest_route=\/wp\/v2\/posts\/370741","targetHints":{"allow":["GET"]}}],"collection":[{"href":"https:\/\/diarioavancetabasco.com\/index.php?rest_route=\/wp\/v2\/posts"}],"about":[{"href":"https:\/\/diarioavancetabasco.com\/index.php?rest_route=\/wp\/v2\/types\/post"}],"author":[{"embeddable":true,"href":"https:\/\/diarioavancetabasco.com\/index.php?rest_route=\/wp\/v2\/users\/2"}],"replies":[{"embeddable":true,"href":"https:\/\/diarioavancetabasco.com\/index.php?rest_route=%2Fwp%2Fv2%2Fcomments&post=370741"}],"version-history":[{"count":2,"href":"https:\/\/diarioavancetabasco.com\/index.php?rest_route=\/wp\/v2\/posts\/370741\/revisions"}],"predecessor-version":[{"id":370782,"href":"https:\/\/diarioavancetabasco.com\/index.php?rest_route=\/wp\/v2\/posts\/370741\/revisions\/370782"}],"wp:featuredmedia":[{"embeddable":true,"href":"https:\/\/diarioavancetabasco.com\/index.php?rest_route=\/wp\/v2\/media\/370719"}],"wp:attachment":[{"href":"https:\/\/diarioavancetabasco.com\/index.php?rest_route=%2Fwp%2Fv2%2Fmedia&parent=370741"}],"wp:term":[{"taxonomy":"category","embeddable":true,"href":"https:\/\/diarioavancetabasco.com\/index.php?rest_route=%2Fwp%2Fv2%2Fcategories&post=370741"},{"taxonomy":"post_tag","embeddable":true,"href":"https:\/\/diarioavancetabasco.com\/index.php?rest_route=%2Fwp%2Fv2%2Ftags&post=370741"}],"curies":[{"name":"wp","href":"https:\/\/api.w.org\/{rel}","templated":true}]}}