{"id":370745,"date":"2019-02-07T00:25:00","date_gmt":"2019-02-07T06:25:00","guid":{"rendered":"http:\/\/diarioavancetabasco.com\/?p=370745"},"modified":"2019-02-07T00:25:01","modified_gmt":"2019-02-07T06:25:01","slug":"cero-secuestro-en-enero-adan-augusto","status":"publish","type":"post","link":"https:\/\/diarioavancetabasco.com\/?p=370745","title":{"rendered":"Cero secuestro, en  enero: Ad\u00e1n Augusto"},"content":{"rendered":"<p><!--\np.p1 {margin: 0.0px 0.0px 0.0px 0.0px; text-align: justify; line-height: 10.0px; font: 52.0px Whitman}\np.p2 {margin: 0.0px 0.0px 0.0px 0.0px; text-align: justify; line-height: 10.0px; font: 10.0px Whitman}\np.p3 {margin: 0.0px 0.0px 0.0px 0.0px; text-align: justify; text-indent: 6.0px; line-height: 10.0px; font: 10.0px Whitman}\nspan.s1 {letter-spacing: -0.2px}\n-->Como resultado de la nueva pol\u00edtica de gobierno y la coordinaci\u00f3n entre las instancias responsables de la seguridad p\u00fablica, el gobernador Ad\u00e1n Augusto L\u00f3pez Hern\u00e1ndez destac\u00f3 que en el mes de enero pasado, no hubo registro de un s\u00f3lo secuestro en Tabasco.<\/p>\n<p>El mandatario estatal atribuy\u00f3 este logro a la nueva pol\u00edtica p\u00fablica y la coordinaci\u00f3n que permanentemente mantiene la Fiscal\u00eda General del Estado (FGE), y la Secretar\u00edas de Seguridad y Protecci\u00f3n Ciudadana (SSPC), con las distintas instancias federales, de quienes espera mayores resultados una vez se ponga en marcha el Plan de Seguridad Estatal.<\/p>\n<p>Destac\u00f3 que este plan contempla la adquisici\u00f3n de patrullas, equipos, tecnolog\u00eda y capacitaci\u00f3n permanente, se podr\u00e1 abatir con mayor fuerza la incidencia delictiva que ha mantenido a Tabasco en los primeros lugares, como el robo de veh\u00edculos, que hoy golpea a los municipios de Centro, C\u00e1rdenas, Comalcalco y Cunduac\u00e1n.<\/p>\n<p>Dentro de las acciones inmediatas, el gobernador puso como ejemplo el puesto de control que la SSPC ha instalado sobre la v\u00eda corta La Isla-Comalcalco\u00a0 &#8211;donde se encontraba la antigua caseta de cobro&#8211; que sumado a la limpieza y desmorre de dicho tramo carretero, ha permitido bajar la incidencia delictiva en la zona.<\/p>\n<p>Puntualiz\u00f3 que con los ahorros de la medida de austeridad que aplica el gobierno estatal, se comprar\u00e1n 157 patrullas\u00a0 para la SSPC y la Polic\u00eda Estatal de Caminos.<\/p>\n<p>Adem\u00e1s, anunci\u00f3 que ser\u00e1n reforzados los cinturones de seguridad en el municipio de Centro, sobre todo en la capital.<\/p>\n<p>Frente a los nuevos tiempos que vive Tabasco, principalmente por la llegada de inversi\u00f3n nacional y extrajera que traer\u00e1 el nuevo boom petrolero y la construcci\u00f3n de la refiner\u00eda en Dos Bocas, Para\u00edso, el titular del Ejecutivo reconoci\u00f3 que el principal reto es contrarrestar la inseguridad, la cual se comprometi\u00f3 a enfrentar con firmeza, apoyado en el Plan de Seguridad que ser\u00e1 presentado en las pr\u00f3ximas semanas.<\/p>\n<p>Sobre el proyecto de creaci\u00f3n de la Unidad de Inteligencia Financiera, el Gobernador inform\u00f3\u00a0 que es parte de los planteamientos de toda la estructura de Seguridad Nacional\u00a0 en el combate a la corrupci\u00f3n.<\/p>\n<p>\u201cVa a ser un elemento important\u00edsimo en el combate a la corrupci\u00f3n, en coadyuvar a las estrategias del Gobierno Federal en combate, incluso, por ejemplo, ahora que se est\u00e1 investigando el asunto de las gasolineras que comercializaban con el combustible robado, ah\u00ed la Unidad de Inteligencia Estatal juega un papel fundamental\u201d, consider\u00f3.<\/p>\n<p>Resalt\u00f3 que junto con su equipo de trabajo aspira a hacer las cosas bien y entregar buenas cuentas a los tabasque\u00f1os, \u201ca hacerlas de otra manera y que nos permita el d\u00eda de ma\u00f1ana transitar como lo hacemos ahora por las calles de Tabasco\u201d.<\/p>\n","protected":false},"excerpt":{"rendered":"<p>Como resultado de la nueva pol\u00edtica de gobierno y la coordinaci\u00f3n entre las instancias responsables de la seguridad p\u00fablica, el gobernador Ad\u00e1n Augusto L\u00f3pez Hern\u00e1ndez destac\u00f3 que en el mes de enero pasado, no hubo registro de un s\u00f3lo secuestro en Tabasco. El mandatario estatal atribuy\u00f3 este logro a la nueva pol\u00edtica p\u00fablica y la [&hellip;]<\/p>\n","protected":false},"author":2,"featured_media":370714,"comment_status":"closed","ping_status":"closed","sticky":false,"template":"","format":"standard","meta":{"footnotes":""},"categories":[19],"tags":[],"class_list":["post-370745","post","type-post","status-publish","format-standard","has-post-thumbnail","hentry","category-de-ultima-hora"],"_links":{"self":[{"href":"https:\/\/diarioavancetabasco.com\/index.php?rest_route=\/wp\/v2\/posts\/370745","targetHints":{"allow":["GET"]}}],"collection":[{"href":"https:\/\/diarioavancetabasco.com\/index.php?rest_route=\/wp\/v2\/posts"}],"about":[{"href":"https:\/\/diarioavancetabasco.com\/index.php?rest_route=\/wp\/v2\/types\/post"}],"author":[{"embeddable":true,"href":"https:\/\/diarioavancetabasco.com\/index.php?rest_route=\/wp\/v2\/users\/2"}],"replies":[{"embeddable":true,"href":"https:\/\/diarioavancetabasco.com\/index.php?rest_route=%2Fwp%2Fv2%2Fcomments&post=370745"}],"version-history":[{"count":2,"href":"https:\/\/diarioavancetabasco.com\/index.php?rest_route=\/wp\/v2\/posts\/370745\/revisions"}],"predecessor-version":[{"id":370784,"href":"https:\/\/diarioavancetabasco.com\/index.php?rest_route=\/wp\/v2\/posts\/370745\/revisions\/370784"}],"wp:featuredmedia":[{"embeddable":true,"href":"https:\/\/diarioavancetabasco.com\/index.php?rest_route=\/wp\/v2\/media\/370714"}],"wp:attachment":[{"href":"https:\/\/diarioavancetabasco.com\/index.php?rest_route=%2Fwp%2Fv2%2Fmedia&parent=370745"}],"wp:term":[{"taxonomy":"category","embeddable":true,"href":"https:\/\/diarioavancetabasco.com\/index.php?rest_route=%2Fwp%2Fv2%2Fcategories&post=370745"},{"taxonomy":"post_tag","embeddable":true,"href":"https:\/\/diarioavancetabasco.com\/index.php?rest_route=%2Fwp%2Fv2%2Ftags&post=370745"}],"curies":[{"name":"wp","href":"https:\/\/api.w.org\/{rel}","templated":true}]}}