{"id":370850,"date":"2019-02-08T00:27:23","date_gmt":"2019-02-08T06:27:23","guid":{"rendered":"http:\/\/diarioavancetabasco.com\/?p=370850"},"modified":"2019-02-08T00:27:24","modified_gmt":"2019-02-08T06:27:24","slug":"empate-peligroso","status":"publish","type":"post","link":"https:\/\/diarioavancetabasco.com\/?p=370850","title":{"rendered":"\u00a1Empate peligroso!"},"content":{"rendered":"<p><!--\np.p1 {margin: 0.0px 0.0px 0.0px 0.0px; text-align: justify; line-height: 10.0px; font: 52.0px Whitman}\np.p2 {margin: 0.0px 0.0px 0.0px 0.0px; text-align: justify; line-height: 10.0px; font: 10.0px Whitman}\np.p3 {margin: 0.0px 0.0px 0.0px 0.0px; text-align: justify; text-indent: 6.0px; line-height: 10.0px; font: 10.0px Whitman}\nspan.s1 {letter-spacing: -0.2px}\n-->Con\u00a0Andr\u00e9s Guardado\u00a0como titular pero\u00a0Diego Lainez congelado en el banquillo, el\u00a0Real Betis\u00a0igual\u00f3 a dos anotaciones ante el\u00a0Valencia\u00a0en la semifinal de ida de la\u00a0Copa del Rey.<\/p>\n<p>Los goles del encuentro estuvieron a cargo de\u00a0Loren Mor\u00f3n\u00a0(45\u2019) y\u00a0Joaqu\u00edn\u00a0(54\u2019), por el Real Betis, mientras que por el club visitante anotaron\u00a0Denis Cheryshev\u00a0(70\u2019) y\u00a0Kevin Gameiro(92\u2019).<\/p>\n<p>Con este resultado, los dirigidos por\u00a0Quique Seti\u00e9n\u00a0deber\u00e1n buscar el empate por m\u00e1s de dos goles o la victoria en el Estadio\u00a0Mestalla, por lo que la eliminatoria sigue abierta y sin ning\u00fan favorito indiscutible.<\/p>\n<p>El Partido de vuelta entre el Valencia y el Real Betis ser\u00e1 el pr\u00f3ximo 28 de febrero a las 14:00 horas (hora centro de la\u00a0Ciudad de M\u00e9xico).<\/p>\n<p>Andr\u00e9s Guardado tuvo un gran desempe\u00f1o durante los 90 minutos que disput\u00f3; Diego Lainez no vio minutos en la cancha.<\/p>\n","protected":false},"excerpt":{"rendered":"<p>Con\u00a0Andr\u00e9s Guardado\u00a0como titular pero\u00a0Diego Lainez congelado en el banquillo, el\u00a0Real Betis\u00a0igual\u00f3 a dos anotaciones ante el\u00a0Valencia\u00a0en la semifinal de ida de la\u00a0Copa del Rey. Los goles del encuentro estuvieron a cargo de\u00a0Loren Mor\u00f3n\u00a0(45\u2019) y\u00a0Joaqu\u00edn\u00a0(54\u2019), por el Real Betis, mientras que por el club visitante anotaron\u00a0Denis Cheryshev\u00a0(70\u2019) y\u00a0Kevin Gameiro(92\u2019). Con este resultado, los dirigidos por\u00a0Quique Seti\u00e9n\u00a0deber\u00e1n [&hellip;]<\/p>\n","protected":false},"author":2,"featured_media":370851,"comment_status":"closed","ping_status":"closed","sticky":false,"template":"","format":"standard","meta":{"footnotes":""},"categories":[6],"tags":[],"class_list":["post-370850","post","type-post","status-publish","format-standard","has-post-thumbnail","hentry","category-deportes"],"_links":{"self":[{"href":"https:\/\/diarioavancetabasco.com\/index.php?rest_route=\/wp\/v2\/posts\/370850","targetHints":{"allow":["GET"]}}],"collection":[{"href":"https:\/\/diarioavancetabasco.com\/index.php?rest_route=\/wp\/v2\/posts"}],"about":[{"href":"https:\/\/diarioavancetabasco.com\/index.php?rest_route=\/wp\/v2\/types\/post"}],"author":[{"embeddable":true,"href":"https:\/\/diarioavancetabasco.com\/index.php?rest_route=\/wp\/v2\/users\/2"}],"replies":[{"embeddable":true,"href":"https:\/\/diarioavancetabasco.com\/index.php?rest_route=%2Fwp%2Fv2%2Fcomments&post=370850"}],"version-history":[{"count":2,"href":"https:\/\/diarioavancetabasco.com\/index.php?rest_route=\/wp\/v2\/posts\/370850\/revisions"}],"predecessor-version":[{"id":370877,"href":"https:\/\/diarioavancetabasco.com\/index.php?rest_route=\/wp\/v2\/posts\/370850\/revisions\/370877"}],"wp:featuredmedia":[{"embeddable":true,"href":"https:\/\/diarioavancetabasco.com\/index.php?rest_route=\/wp\/v2\/media\/370851"}],"wp:attachment":[{"href":"https:\/\/diarioavancetabasco.com\/index.php?rest_route=%2Fwp%2Fv2%2Fmedia&parent=370850"}],"wp:term":[{"taxonomy":"category","embeddable":true,"href":"https:\/\/diarioavancetabasco.com\/index.php?rest_route=%2Fwp%2Fv2%2Fcategories&post=370850"},{"taxonomy":"post_tag","embeddable":true,"href":"https:\/\/diarioavancetabasco.com\/index.php?rest_route=%2Fwp%2Fv2%2Ftags&post=370850"}],"curies":[{"name":"wp","href":"https:\/\/api.w.org\/{rel}","templated":true}]}}