{"id":370881,"date":"2019-02-08T21:18:23","date_gmt":"2019-02-09T03:18:23","guid":{"rendered":"http:\/\/diarioavancetabasco.com\/?p=370881"},"modified":"2019-02-08T21:18:23","modified_gmt":"2019-02-09T03:18:23","slug":"lamenta-rubio-apoyo-de-amlo-a-maduro","status":"publish","type":"post","link":"https:\/\/diarioavancetabasco.com\/?p=370881","title":{"rendered":"Lamenta Rubio apoyo de AMLO a Maduro"},"content":{"rendered":"<style type=\"text\/css\"><!--\np.p1 {margin: 0.0px 0.0px 0.0px 0.0px; text-align: justify; line-height: 10.0px; font: 52.0px Whitman}\np.p2 {margin: 0.0px 0.0px 0.0px 0.0px; text-align: justify; line-height: 10.0px; font: 10.0px Whitman}\np.p3 {margin: 0.0px 0.0px 0.0px 0.0px; text-align: justify; text-indent: 6.0px; line-height: 10.0px; font: 10.0px Whitman}\nspan.s1 {letter-spacing: -0.2px}\n--><\/style>\n<p>El influyente senador republicano Marco Rubio puso \u201cen duda\u201d el futuro de la relaci\u00f3n entre Estados Unidos y M\u00e9xico por culpa del \u201cinexplicable apoyo\u201d del gobierno de Andr\u00e9s Manuel L\u00f3pez Obrador al r\u00e9gimen venezolano de Nicol\u00e1s Maduro.<\/p>\n<p>En un tuit publicado la ma\u00f1ana de este viernes, Rubio lament\u00f3 que M\u00e9xico siga sin exigir al l\u00edder de Venezuela que convoque elecciones para resolver la grave crisis que se vive en ese pa\u00eds.<\/p>\n<p>Y amenaz\u00f3 a M\u00e9xico si no se alinea a la mayor\u00eda de la comunidad internacional -liderada por Estados Unidos y la Uni\u00f3n Europea- que exigen elecciones de forma inmediata y reconocen al presidente de la Asamblea Nacional de Venezuela, Juan Guaid\u00f3, como presidente interino de ese pa\u00eds.<\/p>\n<p>\u201cEstaba esperanzado de que ser\u00edamos capaces de redefinir la relaci\u00f3n entre Estados Unidos y M\u00e9xico como una asociaci\u00f3n estrat\u00e9gica. No una relaci\u00f3n de ayuda de los Estados Unidos. Una alianza para abordar nuestros retos comunes\u201d, escribi\u00f3 el senador en su cuenta de redes sociales.<\/p>\n<p>El tono del mensaje pareci\u00f3 m\u00e1s una amenaza que un comentario sobre la posici\u00f3n mexicana sobre la situaci\u00f3n en Venezuela. Rubio es una de las voces m\u00e1s prominentes e importantes en la definici\u00f3n de la pol\u00edtica exterior de la administraci\u00f3n estadounidense, especialmente hacia Latinoam\u00e9rica.<\/p>\n","protected":false},"excerpt":{"rendered":"<p>El influyente senador republicano Marco Rubio puso \u201cen duda\u201d el futuro de la relaci\u00f3n entre Estados Unidos y M\u00e9xico por culpa del \u201cinexplicable apoyo\u201d del gobierno de Andr\u00e9s Manuel L\u00f3pez Obrador al r\u00e9gimen venezolano de Nicol\u00e1s Maduro. En un tuit publicado la ma\u00f1ana de este viernes, Rubio lament\u00f3 que M\u00e9xico siga sin exigir al l\u00edder [&hellip;]<\/p>\n","protected":false},"author":2,"featured_media":370890,"comment_status":"closed","ping_status":"closed","sticky":false,"template":"","format":"standard","meta":{"footnotes":""},"categories":[4],"tags":[],"class_list":["post-370881","post","type-post","status-publish","format-standard","has-post-thumbnail","hentry","category-mundo"],"_links":{"self":[{"href":"https:\/\/diarioavancetabasco.com\/index.php?rest_route=\/wp\/v2\/posts\/370881","targetHints":{"allow":["GET"]}}],"collection":[{"href":"https:\/\/diarioavancetabasco.com\/index.php?rest_route=\/wp\/v2\/posts"}],"about":[{"href":"https:\/\/diarioavancetabasco.com\/index.php?rest_route=\/wp\/v2\/types\/post"}],"author":[{"embeddable":true,"href":"https:\/\/diarioavancetabasco.com\/index.php?rest_route=\/wp\/v2\/users\/2"}],"replies":[{"embeddable":true,"href":"https:\/\/diarioavancetabasco.com\/index.php?rest_route=%2Fwp%2Fv2%2Fcomments&post=370881"}],"version-history":[{"count":1,"href":"https:\/\/diarioavancetabasco.com\/index.php?rest_route=\/wp\/v2\/posts\/370881\/revisions"}],"predecessor-version":[{"id":370894,"href":"https:\/\/diarioavancetabasco.com\/index.php?rest_route=\/wp\/v2\/posts\/370881\/revisions\/370894"}],"wp:featuredmedia":[{"embeddable":true,"href":"https:\/\/diarioavancetabasco.com\/index.php?rest_route=\/wp\/v2\/media\/370890"}],"wp:attachment":[{"href":"https:\/\/diarioavancetabasco.com\/index.php?rest_route=%2Fwp%2Fv2%2Fmedia&parent=370881"}],"wp:term":[{"taxonomy":"category","embeddable":true,"href":"https:\/\/diarioavancetabasco.com\/index.php?rest_route=%2Fwp%2Fv2%2Fcategories&post=370881"},{"taxonomy":"post_tag","embeddable":true,"href":"https:\/\/diarioavancetabasco.com\/index.php?rest_route=%2Fwp%2Fv2%2Ftags&post=370881"}],"curies":[{"name":"wp","href":"https:\/\/api.w.org\/{rel}","templated":true}]}}