{"id":370963,"date":"2019-02-10T20:27:23","date_gmt":"2019-02-11T02:27:23","guid":{"rendered":"http:\/\/diarioavancetabasco.com\/?p=370963"},"modified":"2019-02-10T20:27:23","modified_gmt":"2019-02-11T02:27:23","slug":"un-hecho-la-entrada-de-ayuda-humanitaria","status":"publish","type":"post","link":"https:\/\/diarioavancetabasco.com\/?p=370963","title":{"rendered":"Un hecho, la entrada de ayuda humanitaria"},"content":{"rendered":"<style type=\"text\/css\"><!--\np.p1 {margin: 0.0px 0.0px 0.0px 0.0px; text-align: justify; line-height: 10.0px; font: 52.0px Whitman}\np.p2 {margin: 0.0px 0.0px 0.0px 0.0px; text-align: justify; line-height: 10.0px; font: 10.0px Whitman}\np.p3 {margin: 0.0px 0.0px 0.0px 0.0px; text-align: justify; text-indent: 6.0px; line-height: 10.0px; font: 10.0px Whitman}\nspan.s1 {letter-spacing: -0.2px}\n--><\/style>\n<p>La\u00a0ayuda humanitaria\u00a0para\u00a0Venezuela\u00a0que se acopia en la\u00a0ciudad colombiana de C\u00facuta\u00a0comenzar\u00e1 a\u00a0entrar\u00a0al territorio del pa\u00eds en los\u201dpr\u00f3ximos d\u00edas\u201d, afirm\u00f3 este domingo\u00a0Juan Guaid\u00f3,\u00a0jefe del Parlamento\u00a0y quien se proclam\u00f3 como\u00a0presidente interino del pa\u00eds.<\/p>\n<p>Adem\u00e1s de\u00a0C\u00facuta, se espera que la\u00a0ayuda humanitaria\u00a0comience a concentrarse en\u00a0otros dos centros de acopio, uno en\u00a0Brasil\u00a0y otro en una\u00a0isla del Caribe\u00a0todav\u00eda no determinada.<\/p>\n<p>Se preve\u00eda que las medicinas y alimentos que se acopian en C\u00facuta ingresaran a Venezuela a trav\u00e9s del puente de Tienditas, una moderna infraestructura sin estrenar que une los dos pa\u00edses.<\/p>\n<p>Sin embargo, miembros de la Guardia Nacional Bolivariana (GNB, polic\u00eda militarizada) cortaron el puente y bloquearon el ingreso de veh\u00edculos al colocar tres remolques de cami\u00f3n.<\/p>\n<p>En este sentido, Guaid\u00f3 asegur\u00f3 entender que el gobernante Nicol\u00e1s Maduro \u201cse niegue a reconocer la crisis que ellos generaron\u201d.<\/p>\n<p>Frente a ello, subray\u00f3 que los venezolanos deben trabajar \u201cmuy duro (&#8230;) para que cese la usurpaci\u00f3n\u201d que considera que Maduro est\u00e1 haciendo de la Presidencia \u201cy en paralelo atender la emergencia\u201d.<\/p>\n<p>Por eso, asegur\u00f3 que bloquear el ingreso de ayuda humanitaria convierte al gobierno de Maduro en \u201ccasi genocidas\u201d porque \u201casesinan por acci\u00f3n y omisi\u00f3n\u201d.<\/p>\n","protected":false},"excerpt":{"rendered":"<p>La\u00a0ayuda humanitaria\u00a0para\u00a0Venezuela\u00a0que se acopia en la\u00a0ciudad colombiana de C\u00facuta\u00a0comenzar\u00e1 a\u00a0entrar\u00a0al territorio del pa\u00eds en los\u201dpr\u00f3ximos d\u00edas\u201d, afirm\u00f3 este domingo\u00a0Juan Guaid\u00f3,\u00a0jefe del Parlamento\u00a0y quien se proclam\u00f3 como\u00a0presidente interino del pa\u00eds. Adem\u00e1s de\u00a0C\u00facuta, se espera que la\u00a0ayuda humanitaria\u00a0comience a concentrarse en\u00a0otros dos centros de acopio, uno en\u00a0Brasil\u00a0y otro en una\u00a0isla del Caribe\u00a0todav\u00eda no determinada. Se preve\u00eda que [&hellip;]<\/p>\n","protected":false},"author":2,"featured_media":370975,"comment_status":"closed","ping_status":"closed","sticky":false,"template":"","format":"standard","meta":{"footnotes":""},"categories":[4],"tags":[],"class_list":["post-370963","post","type-post","status-publish","format-standard","has-post-thumbnail","hentry","category-mundo"],"_links":{"self":[{"href":"https:\/\/diarioavancetabasco.com\/index.php?rest_route=\/wp\/v2\/posts\/370963","targetHints":{"allow":["GET"]}}],"collection":[{"href":"https:\/\/diarioavancetabasco.com\/index.php?rest_route=\/wp\/v2\/posts"}],"about":[{"href":"https:\/\/diarioavancetabasco.com\/index.php?rest_route=\/wp\/v2\/types\/post"}],"author":[{"embeddable":true,"href":"https:\/\/diarioavancetabasco.com\/index.php?rest_route=\/wp\/v2\/users\/2"}],"replies":[{"embeddable":true,"href":"https:\/\/diarioavancetabasco.com\/index.php?rest_route=%2Fwp%2Fv2%2Fcomments&post=370963"}],"version-history":[{"count":1,"href":"https:\/\/diarioavancetabasco.com\/index.php?rest_route=\/wp\/v2\/posts\/370963\/revisions"}],"predecessor-version":[{"id":370981,"href":"https:\/\/diarioavancetabasco.com\/index.php?rest_route=\/wp\/v2\/posts\/370963\/revisions\/370981"}],"wp:featuredmedia":[{"embeddable":true,"href":"https:\/\/diarioavancetabasco.com\/index.php?rest_route=\/wp\/v2\/media\/370975"}],"wp:attachment":[{"href":"https:\/\/diarioavancetabasco.com\/index.php?rest_route=%2Fwp%2Fv2%2Fmedia&parent=370963"}],"wp:term":[{"taxonomy":"category","embeddable":true,"href":"https:\/\/diarioavancetabasco.com\/index.php?rest_route=%2Fwp%2Fv2%2Fcategories&post=370963"},{"taxonomy":"post_tag","embeddable":true,"href":"https:\/\/diarioavancetabasco.com\/index.php?rest_route=%2Fwp%2Fv2%2Ftags&post=370963"}],"curies":[{"name":"wp","href":"https:\/\/api.w.org\/{rel}","templated":true}]}}