{"id":370986,"date":"2019-02-11T00:29:32","date_gmt":"2019-02-11T06:29:32","guid":{"rendered":"http:\/\/diarioavancetabasco.com\/?p=370986"},"modified":"2019-02-11T00:29:51","modified_gmt":"2019-02-11T06:29:51","slug":"pide-iglesia-mayor-seguridad-en-la-catedral-y-en-templos","status":"publish","type":"post","link":"https:\/\/diarioavancetabasco.com\/?p=370986","title":{"rendered":"Pide Iglesia mayor seguridad  en la Catedral y en templos"},"content":{"rendered":"<p><!--\np.p1 {margin: 0.0px 0.0px 0.0px 0.0px; text-align: justify; line-height: 10.0px; font: 10.0px Whitman}\np.p2 {margin: 0.0px 0.0px 0.0px 0.0px; text-align: justify; text-indent: 6.0px; line-height: 10.0px; font: 10.0px Whitman}\nspan.s1 {letter-spacing: -0.3px}\n-->La Iglesia Cat\u00f3lica demand\u00f3 al Gobierno federal implementar mayor seguridad al interior y al exterior de la Catedral Metropolitana y en todos los templos del pa\u00eds.<\/p>\n<p>En el caso espec\u00edfico del recinto cat\u00f3lico ubicado en la Z\u00f3calo capitalino, enfatiz\u00f3 que aunque se cuenta con protecci\u00f3n de la Polic\u00eda Federal, se requiere de una estrategia definida que incluya un sistema tecnol\u00f3gico de vigilancia y un mayor n\u00famero de elementos para una mejor protecci\u00f3n.<\/p>\n<p>Actualmente, tras un acuerdo que se realiz\u00f3 con la Comisi\u00f3n Nacional de Seguridad de la Secretar\u00eda de Gobernaci\u00f3n, la Catedral Metropolitana cuenta con un servicio de Protecci\u00f3n Federal.<\/p>\n<p>\u201cSin embargo, a pesar de que esta medida tiene un objetivo y los miembros de seguridad en la Catedral han realizado con gran empe\u00f1o su encomienda de velar por la protecci\u00f3n y seguridad de las personas y las instalaciones, lo cierto es que es necesario que exista una estrategia clara y definida, con una protecci\u00f3n mayor en n\u00famero de elementos y un sistema tecnol\u00f3gico que favorezca la prevenci\u00f3n y atenci\u00f3n ante cualquier contingencia\u201d.<\/p>\n<p>A trav\u00e9s del editorial titulado \u201cDefendamos la seguridad de la Catedral de M\u00e9xico\u201d, publicado en el semanario cat\u00f3lico Desde la Fe, la Arquidi\u00f3cesis Primada de M\u00e9xico, se\u00f1al\u00f3 que los ataques no pueden convertirse en algo cotidiano porque \u201clos recintos religiosos, adem\u00e1s de ser patrimonio hist\u00f3rico y cultural del pa\u00eds, resguardan una gran cantidad de arte sacro, tesoro de todos los mexicanos\u201d.<\/p>\n<p>Por lo anterior se recordaron tres incidentes ocurridos en los templos del pa\u00eds. El pasado 31 de enero, cuando un joven burl\u00f3 la seguridad y se subi\u00f3 al campanario el cual \u201cno es tema de risa ni de atenci\u00f3n menor, sino que pone en la mesa un tema pendiente y urgente: la seguridad de los templos religiosos\u201d.<\/p>\n","protected":false},"excerpt":{"rendered":"<p>La Iglesia Cat\u00f3lica demand\u00f3 al Gobierno federal implementar mayor seguridad al interior y al exterior de la Catedral Metropolitana y en todos los templos del pa\u00eds. En el caso espec\u00edfico del recinto cat\u00f3lico ubicado en la Z\u00f3calo capitalino, enfatiz\u00f3 que aunque se cuenta con protecci\u00f3n de la Polic\u00eda Federal, se requiere de una estrategia definida [&hellip;]<\/p>\n","protected":false},"author":2,"featured_media":370969,"comment_status":"closed","ping_status":"closed","sticky":false,"template":"","format":"standard","meta":{"footnotes":""},"categories":[3],"tags":[],"class_list":["post-370986","post","type-post","status-publish","format-standard","has-post-thumbnail","hentry","category-nacional"],"_links":{"self":[{"href":"https:\/\/diarioavancetabasco.com\/index.php?rest_route=\/wp\/v2\/posts\/370986","targetHints":{"allow":["GET"]}}],"collection":[{"href":"https:\/\/diarioavancetabasco.com\/index.php?rest_route=\/wp\/v2\/posts"}],"about":[{"href":"https:\/\/diarioavancetabasco.com\/index.php?rest_route=\/wp\/v2\/types\/post"}],"author":[{"embeddable":true,"href":"https:\/\/diarioavancetabasco.com\/index.php?rest_route=\/wp\/v2\/users\/2"}],"replies":[{"embeddable":true,"href":"https:\/\/diarioavancetabasco.com\/index.php?rest_route=%2Fwp%2Fv2%2Fcomments&post=370986"}],"version-history":[{"count":2,"href":"https:\/\/diarioavancetabasco.com\/index.php?rest_route=\/wp\/v2\/posts\/370986\/revisions"}],"predecessor-version":[{"id":371029,"href":"https:\/\/diarioavancetabasco.com\/index.php?rest_route=\/wp\/v2\/posts\/370986\/revisions\/371029"}],"wp:featuredmedia":[{"embeddable":true,"href":"https:\/\/diarioavancetabasco.com\/index.php?rest_route=\/wp\/v2\/media\/370969"}],"wp:attachment":[{"href":"https:\/\/diarioavancetabasco.com\/index.php?rest_route=%2Fwp%2Fv2%2Fmedia&parent=370986"}],"wp:term":[{"taxonomy":"category","embeddable":true,"href":"https:\/\/diarioavancetabasco.com\/index.php?rest_route=%2Fwp%2Fv2%2Fcategories&post=370986"},{"taxonomy":"post_tag","embeddable":true,"href":"https:\/\/diarioavancetabasco.com\/index.php?rest_route=%2Fwp%2Fv2%2Ftags&post=370986"}],"curies":[{"name":"wp","href":"https:\/\/api.w.org\/{rel}","templated":true}]}}