{"id":370992,"date":"2019-02-11T00:32:31","date_gmt":"2019-02-11T06:32:31","guid":{"rendered":"http:\/\/diarioavancetabasco.com\/?p=370992"},"modified":"2019-02-11T00:32:31","modified_gmt":"2019-02-11T06:32:31","slug":"las-fuerzas-armadas-son-pilar-institucional","status":"publish","type":"post","link":"https:\/\/diarioavancetabasco.com\/?p=370992","title":{"rendered":"Las Fuerzas Armadas  son pilar institucional"},"content":{"rendered":"<p><!--\np.p1 {margin: 0.0px 0.0px 0.0px 0.0px; text-align: justify; line-height: 10.0px; font: 52.0px Whitman}\np.p2 {margin: 0.0px 0.0px 0.0px 0.0px; text-align: justify; line-height: 10.0px; font: 10.0px Whitman}\np.p3 {margin: 0.0px 0.0px 0.0px 0.0px; text-align: justify; text-indent: 6.0px; line-height: 10.0px; font: 10.0px Whitman}\nspan.s1 {letter-spacing: -0.2px}\nspan.s2 {letter-spacing: -0.3px}\n-->En la conmemoraci\u00f3n del 104 aniversario de la Fuerza A\u00e9rea Mexicana (FAM), el gobernador Ad\u00e1n Augusto L\u00f3pez Hern\u00e1ndez subray\u00f3 el papel que este cuerpo de las instituciones castrenses juega en la protecci\u00f3n del territorio nacional y la defensa de la soberan\u00eda de M\u00e9xico.<\/p>\n<p>Enfatiz\u00f3 que en Tabasco se guarda particular reconocimiento a los soldados del aire, porque junto con el Ej\u00e9rcito y la Armada de M\u00e9xico, siempre han sido solidarios y han estado presentes en los momentos dif\u00edciles, apoyando especialmente en funciones de seguridad contra la delincuencia, as\u00ed como de protecci\u00f3n civil en etapas de inundaciones.<\/p>\n<p>Acompa\u00f1ado de los comandantes de la Base A\u00e9rea Militar n\u00famero 16, Rafael Lira Bensemann; de la Trig\u00e9sima Zona Militar, Pedro Escalera Cobi\u00e1n, y de la Quinta Zona Naval, Gregorio Mart\u00ednez N\u00fa\u00f1ez, el mandatario asever\u00f3 que las fuerzas armadas constituyen un pilar institucional de la Rep\u00fablica.<\/p>\n<p>En espec\u00edfico, apunt\u00f3 que la FAM est\u00e1 consolidada como una de las m\u00e1s importantes en el \u00e1mbito internacional, e indic\u00f3 que adem\u00e1s de ser una de las de mayor tradici\u00f3n por su participaci\u00f3n en la Segunda Guerra Mundial, resguarda tras de s\u00ed toda una historia institucional, de honor y lealtad a M\u00e9xico.<\/p>\n<p>En la ceremonia efectuada en la Base A\u00e9rea Militar, a la que tambi\u00e9n acudieron el titular del Tribunal Superior de Justicia, Enrique Priego Oropeza, y el diputado Tom\u00e1s Brito Lara, presidente del Congreso del Estado, el general de Grupo Piloto Aviador, Rafael Lira, refrend\u00f3 el compromiso de la FAM para seguir sirviendo a M\u00e9xico con disciplina y lealtad.<\/p>\n","protected":false},"excerpt":{"rendered":"<p>En la conmemoraci\u00f3n del 104 aniversario de la Fuerza A\u00e9rea Mexicana (FAM), el gobernador Ad\u00e1n Augusto L\u00f3pez Hern\u00e1ndez subray\u00f3 el papel que este cuerpo de las instituciones castrenses juega en la protecci\u00f3n del territorio nacional y la defensa de la soberan\u00eda de M\u00e9xico. Enfatiz\u00f3 que en Tabasco se guarda particular reconocimiento a los soldados del [&hellip;]<\/p>\n","protected":false},"author":2,"featured_media":370967,"comment_status":"closed","ping_status":"closed","sticky":false,"template":"","format":"standard","meta":{"footnotes":""},"categories":[9],"tags":[],"class_list":["post-370992","post","type-post","status-publish","format-standard","has-post-thumbnail","hentry","category-politica"],"_links":{"self":[{"href":"https:\/\/diarioavancetabasco.com\/index.php?rest_route=\/wp\/v2\/posts\/370992","targetHints":{"allow":["GET"]}}],"collection":[{"href":"https:\/\/diarioavancetabasco.com\/index.php?rest_route=\/wp\/v2\/posts"}],"about":[{"href":"https:\/\/diarioavancetabasco.com\/index.php?rest_route=\/wp\/v2\/types\/post"}],"author":[{"embeddable":true,"href":"https:\/\/diarioavancetabasco.com\/index.php?rest_route=\/wp\/v2\/users\/2"}],"replies":[{"embeddable":true,"href":"https:\/\/diarioavancetabasco.com\/index.php?rest_route=%2Fwp%2Fv2%2Fcomments&post=370992"}],"version-history":[{"count":2,"href":"https:\/\/diarioavancetabasco.com\/index.php?rest_route=\/wp\/v2\/posts\/370992\/revisions"}],"predecessor-version":[{"id":371033,"href":"https:\/\/diarioavancetabasco.com\/index.php?rest_route=\/wp\/v2\/posts\/370992\/revisions\/371033"}],"wp:featuredmedia":[{"embeddable":true,"href":"https:\/\/diarioavancetabasco.com\/index.php?rest_route=\/wp\/v2\/media\/370967"}],"wp:attachment":[{"href":"https:\/\/diarioavancetabasco.com\/index.php?rest_route=%2Fwp%2Fv2%2Fmedia&parent=370992"}],"wp:term":[{"taxonomy":"category","embeddable":true,"href":"https:\/\/diarioavancetabasco.com\/index.php?rest_route=%2Fwp%2Fv2%2Fcategories&post=370992"},{"taxonomy":"post_tag","embeddable":true,"href":"https:\/\/diarioavancetabasco.com\/index.php?rest_route=%2Fwp%2Fv2%2Ftags&post=370992"}],"curies":[{"name":"wp","href":"https:\/\/api.w.org\/{rel}","templated":true}]}}