{"id":371021,"date":"2019-02-11T00:53:46","date_gmt":"2019-02-11T06:53:46","guid":{"rendered":"http:\/\/diarioavancetabasco.com\/?p=371021"},"modified":"2019-02-11T00:53:47","modified_gmt":"2019-02-11T06:53:47","slug":"no-clarifican-reglas-de-operacion-de-los-programas-sociales","status":"publish","type":"post","link":"https:\/\/diarioavancetabasco.com\/?p=371021","title":{"rendered":"No clarifican reglas de operaci\u00f3n de los programas sociales"},"content":{"rendered":"<p><!--\np.p1 {margin: 0.0px 0.0px 0.0px 0.0px; text-align: justify; text-indent: 6.0px; line-height: 10.0px; font: 10.0px Whitman}\nspan.s1 {letter-spacing: -0.2px}\n-->La dirigente estatal de la CNC en Tabasco, Minerva Santos Garc\u00eda, asegur\u00f3 que hasta el momento el gobierno federal no ha clarificado las reglas de operaci\u00f3n de los programas sociales.<\/p>\n<p>La tambi\u00e9n vice-coordinadora de la fracci\u00f3n del PRI, en el Congreso local, se\u00f1al\u00f3 que los productores y las organizaciones gestoras est\u00e1n en la incertidumbre, sobre todo cuando los \u201cllamados Servidores de la Naci\u00f3n\u201d s\u00f3lo trabajan, en este sentido, para un partido pol\u00edtico: Morena.<\/p>\n<p>Apunt\u00f3 que es necesario que el coordinador regional federal de estos programas, Carlos Merino, explique porqu\u00e9 a la CNC se ke pone tantas trabas.<\/p>\n","protected":false},"excerpt":{"rendered":"<p>La dirigente estatal de la CNC en Tabasco, Minerva Santos Garc\u00eda, asegur\u00f3 que hasta el momento el gobierno federal no ha clarificado las reglas de operaci\u00f3n de los programas sociales. La tambi\u00e9n vice-coordinadora de la fracci\u00f3n del PRI, en el Congreso local, se\u00f1al\u00f3 que los productores y las organizaciones gestoras est\u00e1n en la incertidumbre, sobre [&hellip;]<\/p>\n","protected":false},"author":2,"featured_media":371019,"comment_status":"closed","ping_status":"closed","sticky":false,"template":"","format":"standard","meta":{"footnotes":""},"categories":[9],"tags":[],"class_list":["post-371021","post","type-post","status-publish","format-standard","has-post-thumbnail","hentry","category-politica"],"_links":{"self":[{"href":"https:\/\/diarioavancetabasco.com\/index.php?rest_route=\/wp\/v2\/posts\/371021","targetHints":{"allow":["GET"]}}],"collection":[{"href":"https:\/\/diarioavancetabasco.com\/index.php?rest_route=\/wp\/v2\/posts"}],"about":[{"href":"https:\/\/diarioavancetabasco.com\/index.php?rest_route=\/wp\/v2\/types\/post"}],"author":[{"embeddable":true,"href":"https:\/\/diarioavancetabasco.com\/index.php?rest_route=\/wp\/v2\/users\/2"}],"replies":[{"embeddable":true,"href":"https:\/\/diarioavancetabasco.com\/index.php?rest_route=%2Fwp%2Fv2%2Fcomments&post=371021"}],"version-history":[{"count":2,"href":"https:\/\/diarioavancetabasco.com\/index.php?rest_route=\/wp\/v2\/posts\/371021\/revisions"}],"predecessor-version":[{"id":371046,"href":"https:\/\/diarioavancetabasco.com\/index.php?rest_route=\/wp\/v2\/posts\/371021\/revisions\/371046"}],"wp:featuredmedia":[{"embeddable":true,"href":"https:\/\/diarioavancetabasco.com\/index.php?rest_route=\/wp\/v2\/media\/371019"}],"wp:attachment":[{"href":"https:\/\/diarioavancetabasco.com\/index.php?rest_route=%2Fwp%2Fv2%2Fmedia&parent=371021"}],"wp:term":[{"taxonomy":"category","embeddable":true,"href":"https:\/\/diarioavancetabasco.com\/index.php?rest_route=%2Fwp%2Fv2%2Fcategories&post=371021"},{"taxonomy":"post_tag","embeddable":true,"href":"https:\/\/diarioavancetabasco.com\/index.php?rest_route=%2Fwp%2Fv2%2Ftags&post=371021"}],"curies":[{"name":"wp","href":"https:\/\/api.w.org\/{rel}","templated":true}]}}