{"id":371052,"date":"2019-02-12T00:10:22","date_gmt":"2019-02-12T06:10:22","guid":{"rendered":"http:\/\/diarioavancetabasco.com\/?p=371052"},"modified":"2019-02-12T00:10:25","modified_gmt":"2019-02-12T06:10:25","slug":"manos-a-la-obra","status":"publish","type":"post","link":"https:\/\/diarioavancetabasco.com\/?p=371052","title":{"rendered":"\u00a1Manos a la obra!"},"content":{"rendered":"<p><!--\np.p1 {margin: 0.0px 0.0px 0.0px 0.0px; text-align: justify; line-height: 10.0px; font: 52.0px Whitman}\np.p2 {margin: 0.0px 0.0px 0.0px 0.0px; text-align: justify; line-height: 10.0px; font: 10.0px Whitman}\np.p3 {margin: 0.0px 0.0px 0.0px 0.0px; text-align: justify; text-indent: 6.0px; line-height: 10.0px; font: 10.0px Whitman}\nspan.s1 {letter-spacing: -0.2px}\nspan.s2 {letter-spacing: -0.4px}\n-->La Selecci\u00f3n Mexicana de Futbol realiz\u00f3 su primer entrenamiento bajo las \u00f3rdenes del t\u00e9cnico argentino Gerardo Martino, en el Centro de Alto Rendimiento (CAR) de la Federaci\u00f3n Mexicana de Futbol (FMF).<\/p>\n<p>Luego que el domingo en la noche se incorporaron la mayor\u00eda de los elementos convocados, este lunes por la ma\u00f1ana lo hicieron el resto.<\/p>\n<p>El volante Javier Aquino, de Tigres de la UANL; el portero de Xolos, Gibr\u00e1n Lajud; as\u00ed como el guardameta de Santos Laguna, Jonathan Orozco; y el zaguero tambi\u00e9n de los \u201cGuerreros\u201d, Jes\u00fas \u00c1ngulo, ya est\u00e1n con el equipo.<\/p>\n<p>En el inicio de la pr\u00e1ctica,\u00a0el \u201cTata\u201d incluy\u00f3 a algunos elementos del \u201cTri\u201d sub 22 que tambi\u00e9n est\u00e1 concentrado, entre ellos, Sebastian C\u00f3rdova, Erick Aguirre, Ismael Govea, Alejandro Mayorga y Ronaldo Cisneros, entre otros.<\/p>\n<p>Toques de primera intenci\u00f3n d\u00e1ndole movilidad al bal\u00f3n y abrir la cancha, fue lo que pidi\u00f3 Martino a los jugadores, en lo poco que se pudo a ver del entrenamiento.<\/p>\n<p>Yon de Luisa, presidente de la FMF, estuvo presente en el CAR, platic\u00f3 con el cuerpo t\u00e9cnico, pero no se qued\u00f3 a presenciar la pr\u00e1ctica.<\/p>\n","protected":false},"excerpt":{"rendered":"<p>La Selecci\u00f3n Mexicana de Futbol realiz\u00f3 su primer entrenamiento bajo las \u00f3rdenes del t\u00e9cnico argentino Gerardo Martino, en el Centro de Alto Rendimiento (CAR) de la Federaci\u00f3n Mexicana de Futbol (FMF). Luego que el domingo en la noche se incorporaron la mayor\u00eda de los elementos convocados, este lunes por la ma\u00f1ana lo hicieron el resto. [&hellip;]<\/p>\n","protected":false},"author":2,"featured_media":371070,"comment_status":"closed","ping_status":"closed","sticky":false,"template":"","format":"standard","meta":{"footnotes":""},"categories":[6],"tags":[],"class_list":["post-371052","post","type-post","status-publish","format-standard","has-post-thumbnail","hentry","category-deportes"],"_links":{"self":[{"href":"https:\/\/diarioavancetabasco.com\/index.php?rest_route=\/wp\/v2\/posts\/371052","targetHints":{"allow":["GET"]}}],"collection":[{"href":"https:\/\/diarioavancetabasco.com\/index.php?rest_route=\/wp\/v2\/posts"}],"about":[{"href":"https:\/\/diarioavancetabasco.com\/index.php?rest_route=\/wp\/v2\/types\/post"}],"author":[{"embeddable":true,"href":"https:\/\/diarioavancetabasco.com\/index.php?rest_route=\/wp\/v2\/users\/2"}],"replies":[{"embeddable":true,"href":"https:\/\/diarioavancetabasco.com\/index.php?rest_route=%2Fwp%2Fv2%2Fcomments&post=371052"}],"version-history":[{"count":2,"href":"https:\/\/diarioavancetabasco.com\/index.php?rest_route=\/wp\/v2\/posts\/371052\/revisions"}],"predecessor-version":[{"id":371124,"href":"https:\/\/diarioavancetabasco.com\/index.php?rest_route=\/wp\/v2\/posts\/371052\/revisions\/371124"}],"wp:featuredmedia":[{"embeddable":true,"href":"https:\/\/diarioavancetabasco.com\/index.php?rest_route=\/wp\/v2\/media\/371070"}],"wp:attachment":[{"href":"https:\/\/diarioavancetabasco.com\/index.php?rest_route=%2Fwp%2Fv2%2Fmedia&parent=371052"}],"wp:term":[{"taxonomy":"category","embeddable":true,"href":"https:\/\/diarioavancetabasco.com\/index.php?rest_route=%2Fwp%2Fv2%2Fcategories&post=371052"},{"taxonomy":"post_tag","embeddable":true,"href":"https:\/\/diarioavancetabasco.com\/index.php?rest_route=%2Fwp%2Fv2%2Ftags&post=371052"}],"curies":[{"name":"wp","href":"https:\/\/api.w.org\/{rel}","templated":true}]}}