{"id":371074,"date":"2019-02-11T21:09:43","date_gmt":"2019-02-12T03:09:43","guid":{"rendered":"http:\/\/diarioavancetabasco.com\/?p=371074"},"modified":"2019-02-11T21:09:43","modified_gmt":"2019-02-12T03:09:43","slug":"delegacion-de-guaido-llega-a-la-santa-sede","status":"publish","type":"post","link":"https:\/\/diarioavancetabasco.com\/?p=371074","title":{"rendered":"Delegaci\u00f3n de Guaid\u00f3 llega a la Santa Sede"},"content":{"rendered":"<style type=\"text\/css\"><!--\np.p1 {margin: 0.0px 0.0px 0.0px 0.0px; text-align: justify; line-height: 10.0px; font: 52.0px Whitman}\np.p2 {margin: 0.0px 0.0px 0.0px 0.0px; text-align: justify; line-height: 10.0px; font: 10.0px Whitman}\np.p3 {margin: 0.0px 0.0px 0.0px 0.0px; text-align: justify; text-indent: 6.0px; line-height: 10.0px; font: 10.0px Whitman}\nspan.s1 {letter-spacing: -0.2px}\n--><\/style>\n<p>Una delegaci\u00f3n que representa al l\u00edder opositor venezolano, Juan Guaid\u00f3, se reuni\u00f3 con funcionarios vaticanos mientras la Santa Sede eval\u00faa una solicitud del presidente Nicol\u00e1s Maduro para intervenir en la crisis pol\u00edtica del pa\u00eds.<\/p>\n<p>El Vaticano dijo el lunes que funcionarios de la Secretar\u00eda de Estado expresaron la proximidad del Papa Francisco a todos los venezolanos que est\u00e1n sufriendo. El portavoz Alessandro Gisotti inform\u00f3 que \u201c\u00e9ste subray\u00f3 la grave preocupaci\u00f3n de que se busque urgentemente una soluci\u00f3n justa y pac\u00edfica para superar la crisis, respetando los derechos humanos y buscando el bien de todos los habitantes del pa\u00eds y evitando el derramamiento de sangre\u201d.<\/p>\n<p>El Vaticano no dijo qui\u00e9n particip\u00f3. El secretario de Estado, cardenal Piero Parolin, fue embajador del Vaticano en Caracas.<\/p>\n<p>Maduro pidi\u00f3 al Vaticano que ayude a iniciar las conversaciones. Francisco ha dicho que ambas partes deben solicitar mediaci\u00f3n externa.<\/p>\n<p>La delegaci\u00f3n venezolana fue recibida en la Secretar\u00eda de Estado, en concreto por el \u201cn\u00famero tres\u201d en el organigrama de la Santa Sede, el tambi\u00e9n venezolano Edgar Pe\u00f1a Parra, seg\u00fan supo Efe de fuentes cercanas a la delegaci\u00f3n.<\/p>\n","protected":false},"excerpt":{"rendered":"<p>Una delegaci\u00f3n que representa al l\u00edder opositor venezolano, Juan Guaid\u00f3, se reuni\u00f3 con funcionarios vaticanos mientras la Santa Sede eval\u00faa una solicitud del presidente Nicol\u00e1s Maduro para intervenir en la crisis pol\u00edtica del pa\u00eds. El Vaticano dijo el lunes que funcionarios de la Secretar\u00eda de Estado expresaron la proximidad del Papa Francisco a todos los [&hellip;]<\/p>\n","protected":false},"author":2,"featured_media":371068,"comment_status":"closed","ping_status":"closed","sticky":false,"template":"","format":"standard","meta":{"footnotes":""},"categories":[4],"tags":[],"class_list":["post-371074","post","type-post","status-publish","format-standard","has-post-thumbnail","hentry","category-mundo"],"_links":{"self":[{"href":"https:\/\/diarioavancetabasco.com\/index.php?rest_route=\/wp\/v2\/posts\/371074","targetHints":{"allow":["GET"]}}],"collection":[{"href":"https:\/\/diarioavancetabasco.com\/index.php?rest_route=\/wp\/v2\/posts"}],"about":[{"href":"https:\/\/diarioavancetabasco.com\/index.php?rest_route=\/wp\/v2\/types\/post"}],"author":[{"embeddable":true,"href":"https:\/\/diarioavancetabasco.com\/index.php?rest_route=\/wp\/v2\/users\/2"}],"replies":[{"embeddable":true,"href":"https:\/\/diarioavancetabasco.com\/index.php?rest_route=%2Fwp%2Fv2%2Fcomments&post=371074"}],"version-history":[{"count":1,"href":"https:\/\/diarioavancetabasco.com\/index.php?rest_route=\/wp\/v2\/posts\/371074\/revisions"}],"predecessor-version":[{"id":371078,"href":"https:\/\/diarioavancetabasco.com\/index.php?rest_route=\/wp\/v2\/posts\/371074\/revisions\/371078"}],"wp:featuredmedia":[{"embeddable":true,"href":"https:\/\/diarioavancetabasco.com\/index.php?rest_route=\/wp\/v2\/media\/371068"}],"wp:attachment":[{"href":"https:\/\/diarioavancetabasco.com\/index.php?rest_route=%2Fwp%2Fv2%2Fmedia&parent=371074"}],"wp:term":[{"taxonomy":"category","embeddable":true,"href":"https:\/\/diarioavancetabasco.com\/index.php?rest_route=%2Fwp%2Fv2%2Fcategories&post=371074"},{"taxonomy":"post_tag","embeddable":true,"href":"https:\/\/diarioavancetabasco.com\/index.php?rest_route=%2Fwp%2Fv2%2Ftags&post=371074"}],"curies":[{"name":"wp","href":"https:\/\/api.w.org\/{rel}","templated":true}]}}