{"id":371090,"date":"2019-02-12T00:16:10","date_gmt":"2019-02-12T06:16:10","guid":{"rendered":"http:\/\/diarioavancetabasco.com\/?p=371090"},"modified":"2019-02-12T00:16:13","modified_gmt":"2019-02-12T06:16:13","slug":"colecta-cuatro-kilometros-por-el-cancer-este-jueves","status":"publish","type":"post","link":"https:\/\/diarioavancetabasco.com\/?p=371090","title":{"rendered":"Colecta \u2018Cuatro kil\u00f3metros por el c\u00e1ncer\u2019, este jueves"},"content":{"rendered":"<p><!--\np.p1 {margin: 0.0px 0.0px 0.0px 0.0px; text-align: justify; line-height: 10.0px; font: 10.0px Whitman}\np.p2 {margin: 0.0px 0.0px 0.0px 0.0px; text-align: justify; text-indent: 6.0px; line-height: 10.0px; font: 10.0px Whitman}\nspan.s1 {letter-spacing: -0.3px}\n-->Este 14 de febrero la fundaci\u00f3n \u201cLos \u00c1ngeles del Mago Chong Tall\u201d en punto de las nueve de la ma\u00f1ana dar\u00e1 inicio la colecta de \u201cLos cuatro kil\u00f3metros por el C\u00e1ncer\u201d, mismo que se realizar\u00e1 sobre la avenida Paseo Tabasco.<\/p>\n<p>En rueda de prensa Ra\u00fal Torres F\u00f3cil \u2018Mago Chong Tall\u2019 indic\u00f3 que en esta ocasi\u00f3n comenzar\u00e1n a recibir los insumos desde la esquina entre el malec\u00f3n Carlos A. Madrazo y Paseo Tabasco y llegar\u00e1 hasta el Centro Administrativo de Gobierno donde retornar\u00e1n hacia el parque Tom\u00e1s Garrido donde terminar\u00e1n.<\/p>\n<p>Los art\u00edculos ser\u00e1n recibidos por los voluntarios los d\u00edas 14 y 15 de febrero o hasta lograr completar los cuatro \u00a0kil\u00f3metros previstos.<\/p>\n<p>Este a\u00f1o los voluntarios contar\u00e1n con chalecos reflejantes para ser reconocidos en el punto donde les toque continuar por la noche. En rueda de prensa, voluntarios y beneficiarios de la fundaci\u00f3n agradecieron a la poblaci\u00f3n tabasque\u00f1a el apoyo e hicieron un llamado a seguir contribuyendo.<\/p>\n","protected":false},"excerpt":{"rendered":"<p>Este 14 de febrero la fundaci\u00f3n \u201cLos \u00c1ngeles del Mago Chong Tall\u201d en punto de las nueve de la ma\u00f1ana dar\u00e1 inicio la colecta de \u201cLos cuatro kil\u00f3metros por el C\u00e1ncer\u201d, mismo que se realizar\u00e1 sobre la avenida Paseo Tabasco. En rueda de prensa Ra\u00fal Torres F\u00f3cil \u2018Mago Chong Tall\u2019 indic\u00f3 que en esta ocasi\u00f3n [&hellip;]<\/p>\n","protected":false},"author":2,"featured_media":371063,"comment_status":"closed","ping_status":"closed","sticky":false,"template":"","format":"standard","meta":{"footnotes":""},"categories":[9],"tags":[],"class_list":["post-371090","post","type-post","status-publish","format-standard","has-post-thumbnail","hentry","category-politica"],"_links":{"self":[{"href":"https:\/\/diarioavancetabasco.com\/index.php?rest_route=\/wp\/v2\/posts\/371090","targetHints":{"allow":["GET"]}}],"collection":[{"href":"https:\/\/diarioavancetabasco.com\/index.php?rest_route=\/wp\/v2\/posts"}],"about":[{"href":"https:\/\/diarioavancetabasco.com\/index.php?rest_route=\/wp\/v2\/types\/post"}],"author":[{"embeddable":true,"href":"https:\/\/diarioavancetabasco.com\/index.php?rest_route=\/wp\/v2\/users\/2"}],"replies":[{"embeddable":true,"href":"https:\/\/diarioavancetabasco.com\/index.php?rest_route=%2Fwp%2Fv2%2Fcomments&post=371090"}],"version-history":[{"count":2,"href":"https:\/\/diarioavancetabasco.com\/index.php?rest_route=\/wp\/v2\/posts\/371090\/revisions"}],"predecessor-version":[{"id":371129,"href":"https:\/\/diarioavancetabasco.com\/index.php?rest_route=\/wp\/v2\/posts\/371090\/revisions\/371129"}],"wp:featuredmedia":[{"embeddable":true,"href":"https:\/\/diarioavancetabasco.com\/index.php?rest_route=\/wp\/v2\/media\/371063"}],"wp:attachment":[{"href":"https:\/\/diarioavancetabasco.com\/index.php?rest_route=%2Fwp%2Fv2%2Fmedia&parent=371090"}],"wp:term":[{"taxonomy":"category","embeddable":true,"href":"https:\/\/diarioavancetabasco.com\/index.php?rest_route=%2Fwp%2Fv2%2Fcategories&post=371090"},{"taxonomy":"post_tag","embeddable":true,"href":"https:\/\/diarioavancetabasco.com\/index.php?rest_route=%2Fwp%2Fv2%2Ftags&post=371090"}],"curies":[{"name":"wp","href":"https:\/\/api.w.org\/{rel}","templated":true}]}}