{"id":371104,"date":"2019-02-12T00:25:01","date_gmt":"2019-02-12T06:25:01","guid":{"rendered":"http:\/\/diarioavancetabasco.com\/?p=371104"},"modified":"2019-02-12T00:25:03","modified_gmt":"2019-02-12T06:25:03","slug":"ricky-acompanado-de-matteo-en-los-grammy","status":"publish","type":"post","link":"https:\/\/diarioavancetabasco.com\/?p=371104","title":{"rendered":"Ricky acompa\u00f1ado de  Matteo en los Grammy"},"content":{"rendered":"<p><!--\np.p1 {margin: 0.0px 0.0px 0.0px 0.0px; text-align: justify; line-height: 10.0px; font: 10.0px Whitman}\np.p2 {margin: 0.0px 0.0px 0.0px 0.0px; text-align: justify; text-indent: 6.0px; line-height: 10.0px; font: 10.0px Whitman}\nspan.s1 {letter-spacing: -0.4px}\n-->En muchas alfombras rojas hemos visto al astro boricua\u00a0Ricky Martin, acompa\u00f1ado de su esposo Jwan Yosef. En los\u00a0Premios Grammy\u00a0el cantante estuvo acompa\u00f1ado no solo por su esposo, sino tambi\u00e9n por otro de sus grandes amores: su\u00a0hijo Matteo.<\/p>\n<p>Como muy pocas veces, Ricky Martin lleg\u00f3 acompa\u00f1ado por uno de sus gemelos a los Grammy, acaparando los reflectores de la premiaci\u00f3n m\u00e1s importante de la industria de la m\u00fasica.<\/p>\n<p>Matteo, quien hoy en d\u00eda tiene 10 a\u00f1os de edad, luci\u00f3 un look rockero con chaqueta de cuero y broches de plata, que no pas\u00f3 desapercibido por los paparazzi y que gener\u00f3 en las redes sociales comentarios halagadores.<\/p>\n<p>\u201cEs un mini Ricky de la \u00e9poca de Menudo\u201d, \u201chermoso jovencito, igual que su papi\u201d, fueron algunos de los comentarios de redes sociales. Asimismo los seguidores de Ricky Martin se preguntaron porque no asisti\u00f3 tambi\u00e9n su hijo Valentino<\/p>\n<p>Jwan Josef tambi\u00e9n asisti\u00f3 con Ricky Martin a los Grammy, aunque prefiri\u00f3 no posar con su esposo y Matteo en la alfombra roja.<\/p>\n","protected":false},"excerpt":{"rendered":"<p>En muchas alfombras rojas hemos visto al astro boricua\u00a0Ricky Martin, acompa\u00f1ado de su esposo Jwan Yosef. En los\u00a0Premios Grammy\u00a0el cantante estuvo acompa\u00f1ado no solo por su esposo, sino tambi\u00e9n por otro de sus grandes amores: su\u00a0hijo Matteo. Como muy pocas veces, Ricky Martin lleg\u00f3 acompa\u00f1ado por uno de sus gemelos a los Grammy, acaparando los [&hellip;]<\/p>\n","protected":false},"author":2,"featured_media":371065,"comment_status":"closed","ping_status":"closed","sticky":false,"template":"","format":"standard","meta":{"footnotes":""},"categories":[11],"tags":[],"class_list":["post-371104","post","type-post","status-publish","format-standard","has-post-thumbnail","hentry","category-espectaculos"],"_links":{"self":[{"href":"https:\/\/diarioavancetabasco.com\/index.php?rest_route=\/wp\/v2\/posts\/371104","targetHints":{"allow":["GET"]}}],"collection":[{"href":"https:\/\/diarioavancetabasco.com\/index.php?rest_route=\/wp\/v2\/posts"}],"about":[{"href":"https:\/\/diarioavancetabasco.com\/index.php?rest_route=\/wp\/v2\/types\/post"}],"author":[{"embeddable":true,"href":"https:\/\/diarioavancetabasco.com\/index.php?rest_route=\/wp\/v2\/users\/2"}],"replies":[{"embeddable":true,"href":"https:\/\/diarioavancetabasco.com\/index.php?rest_route=%2Fwp%2Fv2%2Fcomments&post=371104"}],"version-history":[{"count":2,"href":"https:\/\/diarioavancetabasco.com\/index.php?rest_route=\/wp\/v2\/posts\/371104\/revisions"}],"predecessor-version":[{"id":371136,"href":"https:\/\/diarioavancetabasco.com\/index.php?rest_route=\/wp\/v2\/posts\/371104\/revisions\/371136"}],"wp:featuredmedia":[{"embeddable":true,"href":"https:\/\/diarioavancetabasco.com\/index.php?rest_route=\/wp\/v2\/media\/371065"}],"wp:attachment":[{"href":"https:\/\/diarioavancetabasco.com\/index.php?rest_route=%2Fwp%2Fv2%2Fmedia&parent=371104"}],"wp:term":[{"taxonomy":"category","embeddable":true,"href":"https:\/\/diarioavancetabasco.com\/index.php?rest_route=%2Fwp%2Fv2%2Fcategories&post=371104"},{"taxonomy":"post_tag","embeddable":true,"href":"https:\/\/diarioavancetabasco.com\/index.php?rest_route=%2Fwp%2Fv2%2Ftags&post=371104"}],"curies":[{"name":"wp","href":"https:\/\/api.w.org\/{rel}","templated":true}]}}