{"id":371108,"date":"2019-02-12T00:26:59","date_gmt":"2019-02-12T06:26:59","guid":{"rendered":"http:\/\/diarioavancetabasco.com\/?p=371108"},"modified":"2019-02-12T00:27:06","modified_gmt":"2019-02-12T06:27:06","slug":"piden-liberacion-de-plazas-en-semarnat","status":"publish","type":"post","link":"https:\/\/diarioavancetabasco.com\/?p=371108","title":{"rendered":"Piden liberaci\u00f3n de  plazas en Semarnat"},"content":{"rendered":"<p><!--\np.p1 {margin: 0.0px 0.0px 0.0px 0.0px; text-align: justify; line-height: 10.0px; font: 10.0px Whitman}\np.p2 {margin: 0.0px 0.0px 0.0px 0.0px; text-align: justify; text-indent: 6.0px; line-height: 10.0px; font: 10.0px Whitman}\nspan.s1 {letter-spacing: -0.3px}\n-->Ayer por la ma\u00f1ana trabajadores agremiados a la secci\u00f3n 48 del\u00a0 Sindicato Nacional de Trabajadores de la Secretar\u00eda de Medio Ambiente y Recursos\u00a0 Naturales, se manifestaron por el derecho a la liberaci\u00f3n de plazas por jubilaci\u00f3n.<\/p>\n<p>Debido a esta situaci\u00f3n los tr\u00e1mites de impacto ambiental, emisi\u00f3n\u00a0 de permisos, aguas residuales\u00a0 se vieron afectadas.<\/p>\n<p>Y es que un grupo de 35 bur\u00f3cratas del gobierno federal tomaron las instalaciones de la Secretar\u00eda de Medio Ambiente federal ubicadas en la calle Paseo de la Sierra de la colonia Primero de Mato, para exigir entre otras prestaciones la liberaci\u00f3n\u00a0 de plazas por jubilaci\u00f3n,\u00a0 defunciones provisionales e interinatos.<\/p>\n<p>Encabezados por el secretario general de la secci\u00f3n 48, Abraham Neschar explicaron que es una manifestaci\u00f3n a nivel nacional, solicitando a la titular de la Semarnat, Josefa Gonz\u00e1lez Blanco Ortiz Mena,\u00a0 el di\u00e1logo abierto para resolver la problem\u00e1tica laboral de los trabajadores de todo el pa\u00eds.<\/p>\n<p>\u201cHay una clara violaci\u00f3n a las condiciones generales de trabajo vigentes, todos estos pendientes afectan a los trabajadores de dependencias federales como Conagua,\u00a0 Conafor, Profepa y Semarnat\u201d.<\/p>\n","protected":false},"excerpt":{"rendered":"<p>Ayer por la ma\u00f1ana trabajadores agremiados a la secci\u00f3n 48 del\u00a0 Sindicato Nacional de Trabajadores de la Secretar\u00eda de Medio Ambiente y Recursos\u00a0 Naturales, se manifestaron por el derecho a la liberaci\u00f3n de plazas por jubilaci\u00f3n. Debido a esta situaci\u00f3n los tr\u00e1mites de impacto ambiental, emisi\u00f3n\u00a0 de permisos, aguas residuales\u00a0 se vieron afectadas. Y es [&hellip;]<\/p>\n","protected":false},"author":2,"featured_media":371059,"comment_status":"closed","ping_status":"closed","sticky":false,"template":"","format":"standard","meta":{"footnotes":""},"categories":[19],"tags":[],"class_list":["post-371108","post","type-post","status-publish","format-standard","has-post-thumbnail","hentry","category-de-ultima-hora"],"_links":{"self":[{"href":"https:\/\/diarioavancetabasco.com\/index.php?rest_route=\/wp\/v2\/posts\/371108","targetHints":{"allow":["GET"]}}],"collection":[{"href":"https:\/\/diarioavancetabasco.com\/index.php?rest_route=\/wp\/v2\/posts"}],"about":[{"href":"https:\/\/diarioavancetabasco.com\/index.php?rest_route=\/wp\/v2\/types\/post"}],"author":[{"embeddable":true,"href":"https:\/\/diarioavancetabasco.com\/index.php?rest_route=\/wp\/v2\/users\/2"}],"replies":[{"embeddable":true,"href":"https:\/\/diarioavancetabasco.com\/index.php?rest_route=%2Fwp%2Fv2%2Fcomments&post=371108"}],"version-history":[{"count":2,"href":"https:\/\/diarioavancetabasco.com\/index.php?rest_route=\/wp\/v2\/posts\/371108\/revisions"}],"predecessor-version":[{"id":371138,"href":"https:\/\/diarioavancetabasco.com\/index.php?rest_route=\/wp\/v2\/posts\/371108\/revisions\/371138"}],"wp:featuredmedia":[{"embeddable":true,"href":"https:\/\/diarioavancetabasco.com\/index.php?rest_route=\/wp\/v2\/media\/371059"}],"wp:attachment":[{"href":"https:\/\/diarioavancetabasco.com\/index.php?rest_route=%2Fwp%2Fv2%2Fmedia&parent=371108"}],"wp:term":[{"taxonomy":"category","embeddable":true,"href":"https:\/\/diarioavancetabasco.com\/index.php?rest_route=%2Fwp%2Fv2%2Fcategories&post=371108"},{"taxonomy":"post_tag","embeddable":true,"href":"https:\/\/diarioavancetabasco.com\/index.php?rest_route=%2Fwp%2Fv2%2Ftags&post=371108"}],"curies":[{"name":"wp","href":"https:\/\/api.w.org\/{rel}","templated":true}]}}