{"id":371174,"date":"2019-02-13T00:30:16","date_gmt":"2019-02-13T06:30:16","guid":{"rendered":"http:\/\/diarioavancetabasco.com\/?p=371174"},"modified":"2019-02-13T00:30:23","modified_gmt":"2019-02-13T06:30:23","slug":"altos-funcionarios-abriran-sus-declaraciones-sin-reservas-sfp","status":"publish","type":"post","link":"https:\/\/diarioavancetabasco.com\/?p=371174","title":{"rendered":"Altos funcionarios abrir\u00e1n sus  declaraciones sin reservas: SFP"},"content":{"rendered":"<p><!--\np.p1 {margin: 0.0px 0.0px 0.0px 0.0px; text-align: justify; line-height: 10.0px; font: 10.0px Whitman}\np.p2 {margin: 0.0px 0.0px 0.0px 0.0px; text-align: justify; text-indent: 6.0px; line-height: 10.0px; font: 10.0px Whitman}\nspan.s1 {letter-spacing: -0.2px}\n-->La titular de la Secretar\u00eda de la Funci\u00f3n P\u00fablica (SFP), Irma Er\u00e9ndira Sandoval Ballesteros, anunci\u00f3 cambios en la plataforma de Declaranet para evitar confusiones en la transparencia de declaraciones patrimoniales y de intereses, adem\u00e1s que ahora todos los altos funcionarios tendr\u00e1n la obligaci\u00f3n de abrir sin reservas su situaci\u00f3n patrimonial y de intereses.<\/p>\n<p>\u201cVamos a mejorar Declaranet, vamos hacer que las declaraciones sean abiertas en general, sobre todo para los funcionarios p\u00fablicos de altos mandos, los funcionarios p\u00fablicos de altos mandos, precisamente, porque caminamos hacia cerrarle la puerta a estas puertas giratorias, a esta confusi\u00f3n de inter\u00e9s p\u00fablico e intereses personales. Vamos a caminar hacia la transferencia absoluta y total\u201d, dijo.<\/p>\n<p>En conferencia de prensa matutina, en la que afirm\u00f3 que todos los funcionarios del gobierno con cargos de directivos hac\u00eda arriba, incluidos el gabinete y los delegados federales, la secretaria de la Funci\u00f3n P\u00fablica expres\u00f3 que el Sistema Declaranet estuvo dise\u00f1ado en otro gobierno y camin\u00f3 hac\u00eda confusiones en el pasado.<\/p>\n","protected":false},"excerpt":{"rendered":"<p>La titular de la Secretar\u00eda de la Funci\u00f3n P\u00fablica (SFP), Irma Er\u00e9ndira Sandoval Ballesteros, anunci\u00f3 cambios en la plataforma de Declaranet para evitar confusiones en la transparencia de declaraciones patrimoniales y de intereses, adem\u00e1s que ahora todos los altos funcionarios tendr\u00e1n la obligaci\u00f3n de abrir sin reservas su situaci\u00f3n patrimonial y de intereses. \u201cVamos a [&hellip;]<\/p>\n","protected":false},"author":2,"featured_media":371156,"comment_status":"closed","ping_status":"closed","sticky":false,"template":"","format":"standard","meta":{"footnotes":""},"categories":[3],"tags":[],"class_list":["post-371174","post","type-post","status-publish","format-standard","has-post-thumbnail","hentry","category-nacional"],"_links":{"self":[{"href":"https:\/\/diarioavancetabasco.com\/index.php?rest_route=\/wp\/v2\/posts\/371174","targetHints":{"allow":["GET"]}}],"collection":[{"href":"https:\/\/diarioavancetabasco.com\/index.php?rest_route=\/wp\/v2\/posts"}],"about":[{"href":"https:\/\/diarioavancetabasco.com\/index.php?rest_route=\/wp\/v2\/types\/post"}],"author":[{"embeddable":true,"href":"https:\/\/diarioavancetabasco.com\/index.php?rest_route=\/wp\/v2\/users\/2"}],"replies":[{"embeddable":true,"href":"https:\/\/diarioavancetabasco.com\/index.php?rest_route=%2Fwp%2Fv2%2Fcomments&post=371174"}],"version-history":[{"count":2,"href":"https:\/\/diarioavancetabasco.com\/index.php?rest_route=\/wp\/v2\/posts\/371174\/revisions"}],"predecessor-version":[{"id":371213,"href":"https:\/\/diarioavancetabasco.com\/index.php?rest_route=\/wp\/v2\/posts\/371174\/revisions\/371213"}],"wp:featuredmedia":[{"embeddable":true,"href":"https:\/\/diarioavancetabasco.com\/index.php?rest_route=\/wp\/v2\/media\/371156"}],"wp:attachment":[{"href":"https:\/\/diarioavancetabasco.com\/index.php?rest_route=%2Fwp%2Fv2%2Fmedia&parent=371174"}],"wp:term":[{"taxonomy":"category","embeddable":true,"href":"https:\/\/diarioavancetabasco.com\/index.php?rest_route=%2Fwp%2Fv2%2Fcategories&post=371174"},{"taxonomy":"post_tag","embeddable":true,"href":"https:\/\/diarioavancetabasco.com\/index.php?rest_route=%2Fwp%2Fv2%2Ftags&post=371174"}],"curies":[{"name":"wp","href":"https:\/\/api.w.org\/{rel}","templated":true}]}}