{"id":371178,"date":"2019-02-13T00:31:21","date_gmt":"2019-02-13T06:31:21","guid":{"rendered":"http:\/\/diarioavancetabasco.com\/?p=371178"},"modified":"2019-02-13T00:31:22","modified_gmt":"2019-02-13T06:31:22","slug":"piden-bodegueros-que-no-los-cambien-de-lugar","status":"publish","type":"post","link":"https:\/\/diarioavancetabasco.com\/?p=371178","title":{"rendered":"Piden bodegueros que  no los cambien de lugar"},"content":{"rendered":"<p><!--\np.p1 {margin: 0.0px 0.0px 0.0px 0.0px; text-align: justify; line-height: 10.0px; font: 10.0px Whitman}\np.p2 {margin: 0.0px 0.0px 0.0px 0.0px; text-align: justify; text-indent: 6.0px; line-height: 10.0px; font: 10.0px Whitman}\n-->Bodegueros de la Central de Abasto, piden al gobierno del Estado, no sean reubicados si no que el lugar donde se encuentran situados actualmente sea remodelado, pues para ellos y para los clientes ser\u00eda de dif\u00edcil acceso acudir hasta la carretera Villahermosa-Macuspana para adquirir su mercanc\u00eda.<\/p>\n<p>Y es que a pesar de que no han sido notificados sobre alg\u00fan proyecto de reubicaci\u00f3n de la Central de Abastos, un grupo de bodegueros se opone a esta medida.<\/p>\n<p>En este sentido don Ra\u00fal Flores uno de los bodegueros con mayor antig\u00fcedad, se\u00f1al\u00f3 que\u00a0un peque\u00f1o grupo impulsado por el l\u00edder de la Uni\u00f3n de Bodegueros, Sim\u00f3n Romero Herrera\u00a0 son los que est\u00e1n planteando el proyecto de reubicaci\u00f3n de la central, pero a un terreno ubicado en la carretera Villahermosa &#8211; Macuspana, porque pretenden hacer negocio con su propietario.<\/p>\n<p>Coment\u00f3 adem\u00e1s que buscar\u00e1n un acercamiento con la Secretar\u00eda para el Desarrollo Econ\u00f3mico y la Competitividad (SEDEC), para abordar el tema, aunque reconoci\u00f3 que hasta el momento no han sido notificados sobre alguna reubicaci\u00f3n.<\/p>\n<p>Por lo que piden a las autoridades tomen en cuenta sus peticiones para \u00a0que d\u00e9 esta forma puedan llevar acabo la remodelaci\u00f3n del propio \u00a0 centro de abasto.<\/p>\n","protected":false},"excerpt":{"rendered":"<p>Bodegueros de la Central de Abasto, piden al gobierno del Estado, no sean reubicados si no que el lugar donde se encuentran situados actualmente sea remodelado, pues para ellos y para los clientes ser\u00eda de dif\u00edcil acceso acudir hasta la carretera Villahermosa-Macuspana para adquirir su mercanc\u00eda. Y es que a pesar de que no han [&hellip;]<\/p>\n","protected":false},"author":2,"featured_media":371161,"comment_status":"closed","ping_status":"closed","sticky":false,"template":"","format":"standard","meta":{"footnotes":""},"categories":[9],"tags":[],"class_list":["post-371178","post","type-post","status-publish","format-standard","has-post-thumbnail","hentry","category-politica"],"_links":{"self":[{"href":"https:\/\/diarioavancetabasco.com\/index.php?rest_route=\/wp\/v2\/posts\/371178","targetHints":{"allow":["GET"]}}],"collection":[{"href":"https:\/\/diarioavancetabasco.com\/index.php?rest_route=\/wp\/v2\/posts"}],"about":[{"href":"https:\/\/diarioavancetabasco.com\/index.php?rest_route=\/wp\/v2\/types\/post"}],"author":[{"embeddable":true,"href":"https:\/\/diarioavancetabasco.com\/index.php?rest_route=\/wp\/v2\/users\/2"}],"replies":[{"embeddable":true,"href":"https:\/\/diarioavancetabasco.com\/index.php?rest_route=%2Fwp%2Fv2%2Fcomments&post=371178"}],"version-history":[{"count":2,"href":"https:\/\/diarioavancetabasco.com\/index.php?rest_route=\/wp\/v2\/posts\/371178\/revisions"}],"predecessor-version":[{"id":371215,"href":"https:\/\/diarioavancetabasco.com\/index.php?rest_route=\/wp\/v2\/posts\/371178\/revisions\/371215"}],"wp:featuredmedia":[{"embeddable":true,"href":"https:\/\/diarioavancetabasco.com\/index.php?rest_route=\/wp\/v2\/media\/371161"}],"wp:attachment":[{"href":"https:\/\/diarioavancetabasco.com\/index.php?rest_route=%2Fwp%2Fv2%2Fmedia&parent=371178"}],"wp:term":[{"taxonomy":"category","embeddable":true,"href":"https:\/\/diarioavancetabasco.com\/index.php?rest_route=%2Fwp%2Fv2%2Fcategories&post=371178"},{"taxonomy":"post_tag","embeddable":true,"href":"https:\/\/diarioavancetabasco.com\/index.php?rest_route=%2Fwp%2Fv2%2Ftags&post=371178"}],"curies":[{"name":"wp","href":"https:\/\/api.w.org\/{rel}","templated":true}]}}