{"id":371199,"date":"2019-02-13T00:42:44","date_gmt":"2019-02-13T06:42:44","guid":{"rendered":"http:\/\/diarioavancetabasco.com\/?p=371199"},"modified":"2019-02-13T00:42:45","modified_gmt":"2019-02-13T06:42:45","slug":"lainez-convocado-para-debutar-en-europa-league","status":"publish","type":"post","link":"https:\/\/diarioavancetabasco.com\/?p=371199","title":{"rendered":"Lainez convocado para debutar en Europa League"},"content":{"rendered":"<p><!--\np.p1 {margin: 0.0px 0.0px 0.0px 0.0px; text-align: justify; text-indent: 6.0px; line-height: 10.0px; font: 10.0px Whitman}\nspan.s1 {letter-spacing: -0.2px}\n-->Los mexicanos Diego Lainez y Andr\u00e9s Guardado viajar\u00e1n con Betis a Francia para enfrentar al Rennes en la Europa League, en la ida de los dieciseisavos de final.<\/p>\n<p>El juego ser\u00e1 el pr\u00f3ximo jueves y dar\u00e1 comienzo a las 11:55 de la ma\u00f1ana, tiempo del centro de M\u00e9xico.<\/p>\n<p>Ambos futbolistas fueron incluidos en la lista de 21 elementos que el t\u00e9cnico Quique Seti\u00e9n llevar\u00e1 al cotejo. De ellos, tres quedar\u00e1n descartados antes del partido porque solo puede haber siete jugadores en la banca.<\/p>\n","protected":false},"excerpt":{"rendered":"<p>Los mexicanos Diego Lainez y Andr\u00e9s Guardado viajar\u00e1n con Betis a Francia para enfrentar al Rennes en la Europa League, en la ida de los dieciseisavos de final. El juego ser\u00e1 el pr\u00f3ximo jueves y dar\u00e1 comienzo a las 11:55 de la ma\u00f1ana, tiempo del centro de M\u00e9xico. Ambos futbolistas fueron incluidos en la lista [&hellip;]<\/p>\n","protected":false},"author":2,"featured_media":371158,"comment_status":"closed","ping_status":"closed","sticky":false,"template":"","format":"standard","meta":{"footnotes":""},"categories":[6],"tags":[],"class_list":["post-371199","post","type-post","status-publish","format-standard","has-post-thumbnail","hentry","category-deportes"],"_links":{"self":[{"href":"https:\/\/diarioavancetabasco.com\/index.php?rest_route=\/wp\/v2\/posts\/371199","targetHints":{"allow":["GET"]}}],"collection":[{"href":"https:\/\/diarioavancetabasco.com\/index.php?rest_route=\/wp\/v2\/posts"}],"about":[{"href":"https:\/\/diarioavancetabasco.com\/index.php?rest_route=\/wp\/v2\/types\/post"}],"author":[{"embeddable":true,"href":"https:\/\/diarioavancetabasco.com\/index.php?rest_route=\/wp\/v2\/users\/2"}],"replies":[{"embeddable":true,"href":"https:\/\/diarioavancetabasco.com\/index.php?rest_route=%2Fwp%2Fv2%2Fcomments&post=371199"}],"version-history":[{"count":2,"href":"https:\/\/diarioavancetabasco.com\/index.php?rest_route=\/wp\/v2\/posts\/371199\/revisions"}],"predecessor-version":[{"id":371227,"href":"https:\/\/diarioavancetabasco.com\/index.php?rest_route=\/wp\/v2\/posts\/371199\/revisions\/371227"}],"wp:featuredmedia":[{"embeddable":true,"href":"https:\/\/diarioavancetabasco.com\/index.php?rest_route=\/wp\/v2\/media\/371158"}],"wp:attachment":[{"href":"https:\/\/diarioavancetabasco.com\/index.php?rest_route=%2Fwp%2Fv2%2Fmedia&parent=371199"}],"wp:term":[{"taxonomy":"category","embeddable":true,"href":"https:\/\/diarioavancetabasco.com\/index.php?rest_route=%2Fwp%2Fv2%2Fcategories&post=371199"},{"taxonomy":"post_tag","embeddable":true,"href":"https:\/\/diarioavancetabasco.com\/index.php?rest_route=%2Fwp%2Fv2%2Ftags&post=371199"}],"curies":[{"name":"wp","href":"https:\/\/api.w.org\/{rel}","templated":true}]}}