{"id":371236,"date":"2019-02-13T21:26:47","date_gmt":"2019-02-14T03:26:47","guid":{"rendered":"http:\/\/diarioavancetabasco.com\/?p=371236"},"modified":"2019-02-13T21:26:47","modified_gmt":"2019-02-14T03:26:47","slug":"recibe-trump-a-duque","status":"publish","type":"post","link":"https:\/\/diarioavancetabasco.com\/?p=371236","title":{"rendered":"Recibe Trump a Duque"},"content":{"rendered":"<style type=\"text\/css\"><!--\np.p1 {margin: 0.0px 0.0px 0.0px 0.0px; text-align: justify; line-height: 10.0px; font: 52.0px Whitman}\np.p2 {margin: 0.0px 0.0px 0.0px 0.0px; text-align: justify; line-height: 10.0px; font: 10.0px Whitman}\np.p3 {margin: 0.0px 0.0px 0.0px 0.0px; text-align: justify; text-indent: 6.0px; line-height: 10.0px; font: 10.0px Whitman}\nspan.s1 {letter-spacing: -0.2px}\n--><\/style>\n<p>El presidente de Colombia, Iv\u00e1n Duque, lleg\u00f3 este mi\u00e9rcoles a la Casa Blanca para reunirse con su hom\u00f3logo estadunidense, Donald Trump, con el que conversar\u00e1 sobre la situaci\u00f3n en Venezuela y el narcotr\u00e1fico en la regi\u00f3n, entre otros temas.<\/p>\n<p>Duque lleg\u00f3 al jard\u00edn sur de la Casa Blanca hacia el mediod\u00eda, acompa\u00f1ado de su esposa, Mar\u00eda Juliana Ruiz, y ambos saludaron a Trump y la primera dama de Estados Unidos, Melania, en la entrada de la residencia.<\/p>\n<p>Luego mantuvo una reuni\u00f3n en el Despacho Oval seguida de un almuerzo de trabajo con Trump y sus respectivas delegaciones.<\/p>\n<p>Durante su estancia en Estados Unidos, Duque tiene previsto visitar, aparte de la Casa Blanca y el Capitolio, otros lugares como el Banco Interamericano de Desarrollo (BID), el Banco Mundial (BM), la Organizaci\u00f3n de Estados Americanos (OEA), la Universidad de Georgetown y la Bolsa de Nueva York, entre otros.<\/p>\n<p>El mandatario colombiano lleg\u00f3 acompa\u00f1ado de una delegaci\u00f3n integrada entre otros por sus ministros de Exteriores, Carlos Holmes Trujillo; de Defensa, Guillermo Botero; y de Comercio, Jos\u00e9 Manuel Restrepo.<\/p>\n<p>Antes de su reuni\u00f3n con Trump, Duque se entrevist\u00f3 con los miembros del Comit\u00e9 de Asuntos Exteriores de la C\u00e1mara de Representantes de Estados Unidos.<\/p>\n","protected":false},"excerpt":{"rendered":"<p>El presidente de Colombia, Iv\u00e1n Duque, lleg\u00f3 este mi\u00e9rcoles a la Casa Blanca para reunirse con su hom\u00f3logo estadunidense, Donald Trump, con el que conversar\u00e1 sobre la situaci\u00f3n en Venezuela y el narcotr\u00e1fico en la regi\u00f3n, entre otros temas. Duque lleg\u00f3 al jard\u00edn sur de la Casa Blanca hacia el mediod\u00eda, acompa\u00f1ado de su esposa, [&hellip;]<\/p>\n","protected":false},"author":2,"featured_media":371239,"comment_status":"closed","ping_status":"closed","sticky":false,"template":"","format":"standard","meta":{"footnotes":""},"categories":[4],"tags":[],"class_list":["post-371236","post","type-post","status-publish","format-standard","has-post-thumbnail","hentry","category-mundo"],"_links":{"self":[{"href":"https:\/\/diarioavancetabasco.com\/index.php?rest_route=\/wp\/v2\/posts\/371236","targetHints":{"allow":["GET"]}}],"collection":[{"href":"https:\/\/diarioavancetabasco.com\/index.php?rest_route=\/wp\/v2\/posts"}],"about":[{"href":"https:\/\/diarioavancetabasco.com\/index.php?rest_route=\/wp\/v2\/types\/post"}],"author":[{"embeddable":true,"href":"https:\/\/diarioavancetabasco.com\/index.php?rest_route=\/wp\/v2\/users\/2"}],"replies":[{"embeddable":true,"href":"https:\/\/diarioavancetabasco.com\/index.php?rest_route=%2Fwp%2Fv2%2Fcomments&post=371236"}],"version-history":[{"count":1,"href":"https:\/\/diarioavancetabasco.com\/index.php?rest_route=\/wp\/v2\/posts\/371236\/revisions"}],"predecessor-version":[{"id":371254,"href":"https:\/\/diarioavancetabasco.com\/index.php?rest_route=\/wp\/v2\/posts\/371236\/revisions\/371254"}],"wp:featuredmedia":[{"embeddable":true,"href":"https:\/\/diarioavancetabasco.com\/index.php?rest_route=\/wp\/v2\/media\/371239"}],"wp:attachment":[{"href":"https:\/\/diarioavancetabasco.com\/index.php?rest_route=%2Fwp%2Fv2%2Fmedia&parent=371236"}],"wp:term":[{"taxonomy":"category","embeddable":true,"href":"https:\/\/diarioavancetabasco.com\/index.php?rest_route=%2Fwp%2Fv2%2Fcategories&post=371236"},{"taxonomy":"post_tag","embeddable":true,"href":"https:\/\/diarioavancetabasco.com\/index.php?rest_route=%2Fwp%2Fv2%2Ftags&post=371236"}],"curies":[{"name":"wp","href":"https:\/\/api.w.org\/{rel}","templated":true}]}}