{"id":371264,"date":"2019-02-14T00:30:43","date_gmt":"2019-02-14T06:30:43","guid":{"rendered":"http:\/\/diarioavancetabasco.com\/?p=371264"},"modified":"2019-02-14T00:30:49","modified_gmt":"2019-02-14T06:30:49","slug":"ordenan-transparentar-los-viajes-de-fch-y-pena-nieto","status":"publish","type":"post","link":"https:\/\/diarioavancetabasco.com\/?p=371264","title":{"rendered":"Ordenan transparentar los viajes de FCH y Pe\u00f1a Nieto"},"content":{"rendered":"<p><!--\np.p1 {margin: 0.0px 0.0px 0.0px 0.0px; text-align: justify; line-height: 10.0px; font: 52.0px Whitman}\np.p2 {margin: 0.0px 0.0px 0.0px 0.0px; text-align: justify; line-height: 10.0px; font: 10.0px Whitman}\np.p3 {margin: 0.0px 0.0px 0.0px 0.0px; text-align: justify; text-indent: 6.0px; line-height: 10.0px; font: 10.0px Whitman}\nspan.s1 {letter-spacing: -0.2px}\n-->El Instituto Nacional de Transparencia, Acceso a la Informaci\u00f3n y Protecci\u00f3n de Datos Personales (Inai) orden\u00f3 a la Oficina de la Presidencia de la Rep\u00fablica la entrega de informaci\u00f3n detallada sobre los viajes hechos al extranjero por los ex presidentes Felipe Calder\u00f3n Hinojosa y Enrique Pe\u00f1a Nieto.<\/p>\n<p>En sesi\u00f3n del pleno, la comisionada Blanca Lilia Ibarra indic\u00f3 que una persona solicit\u00f3 a la dependencia federal nombre de los pa\u00edses visitados, ciudad de partida, n\u00famero de matr\u00edcula de la aeronave utilizada, nombre de la reuni\u00f3n, n\u00famero de personas a bordo -distinguiendo la tripulaci\u00f3n-, as\u00ed como monto econ\u00f3mico de los vi\u00e1ticos autorizado para el mandatario por viaje.<\/p>\n<p>En su respuesta, la Presidencia inform\u00f3 que no contaba con el costo de vi\u00e1ticos que estos viajes generaron, el motivo de la salida, n\u00famero de matr\u00edcula de la aeronave, ni los montos de los vi\u00e1ticos.<\/p>\n<p>\u201cLa Presidencia clasific\u00f3 como informaci\u00f3n reservada los nombres del personal que se encuentra adscrito al Estado Mayor Presidencial puesto que identificar\u00eda a los elementos de ese \u00f3rgano t\u00e9cnico-militar y su estado de fuerza lo que ocasionar\u00edan un perjuicio en su capacidad de respuesta, adem\u00e1s se\u00f1al\u00f3 que no cuenta con el motivo del viaje y el nombre de la reuni\u00f3n ni con los montos por concepto de vi\u00e1ticos para el Presidente\u201d.<\/p>\n<p>Blanca Lilia Ibarra manifest\u00f3 que este asunto es de relevancia social en materia de acceso a la informaci\u00f3n y rendici\u00f3n de cuentas porque, adem\u00e1s del permiso que otorga el Congreso de la Uni\u00f3n para ausentarse al Presidente de la Rep\u00fablica en el territorio nacional, esta informaci\u00f3n puede permitir que se analice desde distintos enfoques los datos que se proporcionen.<\/p>\n<p>Record\u00f3 que la actual administraci\u00f3n federal ha realizado diversas acciones para enajenar la flota a\u00e9rea, a efecto de que los recursos recabados por este concepto se destinen al financiamiento de la Guardia Nacional, programas sociales y \u201cpara generar confianza en el tejido social\u201d.<\/p>\n<p>\u201cLa ciudadan\u00eda tiene el leg\u00edtimo derecho de conocer c\u00f3mo se administran y se ejercen los recursos del erario, reconociendo el valor social que tiene la informaci\u00f3n p\u00fablica para la conformaci\u00f3n de una sociedad mejor informada\u201d, agreg\u00f3.<\/p>\n","protected":false},"excerpt":{"rendered":"<p>El Instituto Nacional de Transparencia, Acceso a la Informaci\u00f3n y Protecci\u00f3n de Datos Personales (Inai) orden\u00f3 a la Oficina de la Presidencia de la Rep\u00fablica la entrega de informaci\u00f3n detallada sobre los viajes hechos al extranjero por los ex presidentes Felipe Calder\u00f3n Hinojosa y Enrique Pe\u00f1a Nieto. En sesi\u00f3n del pleno, la comisionada Blanca Lilia [&hellip;]<\/p>\n","protected":false},"author":2,"featured_media":371242,"comment_status":"closed","ping_status":"closed","sticky":false,"template":"","format":"standard","meta":{"footnotes":""},"categories":[3],"tags":[],"class_list":["post-371264","post","type-post","status-publish","format-standard","has-post-thumbnail","hentry","category-nacional"],"_links":{"self":[{"href":"https:\/\/diarioavancetabasco.com\/index.php?rest_route=\/wp\/v2\/posts\/371264","targetHints":{"allow":["GET"]}}],"collection":[{"href":"https:\/\/diarioavancetabasco.com\/index.php?rest_route=\/wp\/v2\/posts"}],"about":[{"href":"https:\/\/diarioavancetabasco.com\/index.php?rest_route=\/wp\/v2\/types\/post"}],"author":[{"embeddable":true,"href":"https:\/\/diarioavancetabasco.com\/index.php?rest_route=\/wp\/v2\/users\/2"}],"replies":[{"embeddable":true,"href":"https:\/\/diarioavancetabasco.com\/index.php?rest_route=%2Fwp%2Fv2%2Fcomments&post=371264"}],"version-history":[{"count":2,"href":"https:\/\/diarioavancetabasco.com\/index.php?rest_route=\/wp\/v2\/posts\/371264\/revisions"}],"predecessor-version":[{"id":371306,"href":"https:\/\/diarioavancetabasco.com\/index.php?rest_route=\/wp\/v2\/posts\/371264\/revisions\/371306"}],"wp:featuredmedia":[{"embeddable":true,"href":"https:\/\/diarioavancetabasco.com\/index.php?rest_route=\/wp\/v2\/media\/371242"}],"wp:attachment":[{"href":"https:\/\/diarioavancetabasco.com\/index.php?rest_route=%2Fwp%2Fv2%2Fmedia&parent=371264"}],"wp:term":[{"taxonomy":"category","embeddable":true,"href":"https:\/\/diarioavancetabasco.com\/index.php?rest_route=%2Fwp%2Fv2%2Fcategories&post=371264"},{"taxonomy":"post_tag","embeddable":true,"href":"https:\/\/diarioavancetabasco.com\/index.php?rest_route=%2Fwp%2Fv2%2Ftags&post=371264"}],"curies":[{"name":"wp","href":"https:\/\/api.w.org\/{rel}","templated":true}]}}