{"id":371268,"date":"2019-02-14T00:32:33","date_gmt":"2019-02-14T06:32:33","guid":{"rendered":"http:\/\/diarioavancetabasco.com\/?p=371268"},"modified":"2019-02-14T00:32:45","modified_gmt":"2019-02-14T06:32:45","slug":"alista-el-ipc-acciones-para-la-temporada-de-sequia","status":"publish","type":"post","link":"https:\/\/diarioavancetabasco.com\/?p=371268","title":{"rendered":"Alista el IPC acciones para la temporada de sequ\u00eda"},"content":{"rendered":"<p><!--\np.p1 {margin: 0.0px 0.0px 0.0px 0.0px; text-align: justify; line-height: 10.0px; font: 52.0px Whitman}\np.p2 {margin: 0.0px 0.0px 0.0px 0.0px; text-align: justify; line-height: 10.0px; font: 10.0px Whitman}\np.p3 {margin: 0.0px 0.0px 0.0px 0.0px; text-align: justify; text-indent: 6.0px; line-height: 10.0px; font: 10.0px Whitman}\nspan.s1 {letter-spacing: -0.2px}\nspan.s2 {letter-spacing: -0.3px}\n-->El coordinador de Protecci\u00f3n Civil en el Estado, Jorge Mier y Ter\u00e1n Suarez, inform\u00f3 que debido al d\u00e9ficit de precipitaciones que se prev\u00e9 para el Estado en los pr\u00f3ximos meses, este organismo se est\u00e1 preparando para evitar que ocurran casos como los registrados en los Bitzales el a\u00f1o\u00a0pasado de acuerdo a los datos proporcionados por la Comisi\u00f3n Nacional del Agua.<\/p>\n<p>\u201cSe est\u00e1n tomando medidas preventivas no solo en materia de incendios, tambi\u00e9n tenemos el problema de suministro de agua a la poblaci\u00f3n, y es que tambi\u00e9n pudieran generarse alguna situaci\u00f3n como la que vivimos el a\u00f1o pasado en la zona de los Bitzales\u201d.<\/p>\n<p>Para ello dijo que el pr\u00f3ximo 26 de mes en curso se instalar\u00e1 el Consejo Estatal de Protecci\u00f3n Civil en donde posteriormente se convocar\u00e1 a sesi\u00f3n a la Comisi\u00f3n de Fen\u00f3menos Hidrometeoro l\u00f3gica as\u00ed como el organizativo porque ya est\u00e1 en puerta la Semana Santa\u201d.<\/p>\n<p>Dijo que en estas reuniones se atender\u00e1 el asunto del estiaje que dar\u00e1 inicio en el mes de abril y que se tiene la seguridad de un d\u00e9ficit en los niveles de precipitaci\u00f3n.<\/p>\n<p>\u201cLos pron\u00f3sticos van a estar por debajo de la media hay que recordar que Tabasco es un Estado por el que circula gran cantidad de agua, entonces hablar sequ\u00eda es un poco complicado por qu\u00e9 bajan los niveles de los r\u00edos\u201d.<\/p>\n<p>Por otra parte se\u00f1al\u00f3 que las lluvias\u00a0 presentadas este mi\u00e9rcoles no ocasionaron da\u00f1os mayores solo en una casa en la colonia Tierra Colorada en d\u00f3nde se brind\u00f3 apoyo de inmediato.<\/p>\n","protected":false},"excerpt":{"rendered":"<p>El coordinador de Protecci\u00f3n Civil en el Estado, Jorge Mier y Ter\u00e1n Suarez, inform\u00f3 que debido al d\u00e9ficit de precipitaciones que se prev\u00e9 para el Estado en los pr\u00f3ximos meses, este organismo se est\u00e1 preparando para evitar que ocurran casos como los registrados en los Bitzales el a\u00f1o\u00a0pasado de acuerdo a los datos proporcionados por [&hellip;]<\/p>\n","protected":false},"author":2,"featured_media":371241,"comment_status":"closed","ping_status":"closed","sticky":false,"template":"","format":"standard","meta":{"footnotes":""},"categories":[9],"tags":[],"class_list":["post-371268","post","type-post","status-publish","format-standard","has-post-thumbnail","hentry","category-politica"],"_links":{"self":[{"href":"https:\/\/diarioavancetabasco.com\/index.php?rest_route=\/wp\/v2\/posts\/371268","targetHints":{"allow":["GET"]}}],"collection":[{"href":"https:\/\/diarioavancetabasco.com\/index.php?rest_route=\/wp\/v2\/posts"}],"about":[{"href":"https:\/\/diarioavancetabasco.com\/index.php?rest_route=\/wp\/v2\/types\/post"}],"author":[{"embeddable":true,"href":"https:\/\/diarioavancetabasco.com\/index.php?rest_route=\/wp\/v2\/users\/2"}],"replies":[{"embeddable":true,"href":"https:\/\/diarioavancetabasco.com\/index.php?rest_route=%2Fwp%2Fv2%2Fcomments&post=371268"}],"version-history":[{"count":2,"href":"https:\/\/diarioavancetabasco.com\/index.php?rest_route=\/wp\/v2\/posts\/371268\/revisions"}],"predecessor-version":[{"id":371308,"href":"https:\/\/diarioavancetabasco.com\/index.php?rest_route=\/wp\/v2\/posts\/371268\/revisions\/371308"}],"wp:featuredmedia":[{"embeddable":true,"href":"https:\/\/diarioavancetabasco.com\/index.php?rest_route=\/wp\/v2\/media\/371241"}],"wp:attachment":[{"href":"https:\/\/diarioavancetabasco.com\/index.php?rest_route=%2Fwp%2Fv2%2Fmedia&parent=371268"}],"wp:term":[{"taxonomy":"category","embeddable":true,"href":"https:\/\/diarioavancetabasco.com\/index.php?rest_route=%2Fwp%2Fv2%2Fcategories&post=371268"},{"taxonomy":"post_tag","embeddable":true,"href":"https:\/\/diarioavancetabasco.com\/index.php?rest_route=%2Fwp%2Fv2%2Ftags&post=371268"}],"curies":[{"name":"wp","href":"https:\/\/api.w.org\/{rel}","templated":true}]}}