{"id":371272,"date":"2019-02-14T00:33:55","date_gmt":"2019-02-14T06:33:55","guid":{"rendered":"http:\/\/diarioavancetabasco.com\/?p=371272"},"modified":"2019-02-14T00:33:59","modified_gmt":"2019-02-14T06:33:59","slug":"recuerdan-al-periodista-felix-hernandez-lopez","status":"publish","type":"post","link":"https:\/\/diarioavancetabasco.com\/?p=371272","title":{"rendered":"Recuerdan al periodista  F\u00e9lix Hern\u00e1ndez L\u00f3pez"},"content":{"rendered":"<p><!--\np.p1 {margin: 0.0px 0.0px 0.0px 0.0px; text-align: justify; line-height: 10.0px; font: 52.0px Whitman}\np.p2 {margin: 0.0px 0.0px 0.0px 0.0px; text-align: justify; line-height: 10.0px; font: 10.0px Whitman}\np.p3 {margin: 0.0px 0.0px 0.0px 0.0px; text-align: justify; text-indent: 6.0px; line-height: 10.0px; font: 10.0px Whitman}\nspan.s1 {letter-spacing: -0.2px}\nspan.s2 {letter-spacing: -0.3px}\n-->C\u00c1RDENAS, TAB.- A un a\u00f1o de su ausencia f\u00edsica, pero no de su trabajo period\u00edstico y ejemplo de ser humano, que vive en muchos, la Asociaci\u00f3n de Periodistas de la Chontalpa (APECHAC), rindi\u00f3 homenaje al compa\u00f1ero periodista F\u00e9lix Hern\u00e1ndez L\u00f3pez a un a\u00f1o de su muerte;\u00a0 con una trova cultural presenciada por su madre Rufina L\u00f3pez, sus hermanos; su esposa Lety S\u00e1nchez, su hija Sonia Hern\u00e1ndez y muchos amigos.<\/p>\n<p>Durante la pasada noche del martes, el Centro Cultural \u201c Jos\u00e9 Valeriano Maldonado\u201d lucio abarrotado de familiares y amigos que conocieron y convivieron en vida con el comunicador homenajeado. Ah\u00ed estuvieron entre los invitados el alcalde, Armando Beltr\u00e1n y los diputados locales Tomas Brito y Charle Vera, as\u00ed como, Dagoberto Lara Sedas.<\/p>\n<p>Por el escenario desfilaron varios artistas locales en esta noche de trova para recordar a F\u00e9lix Hern\u00e1ndez, as\u00ed tambi\u00e9n varios amigos lo hicieron para hablar de su memoria como el periodista, Rom\u00e1n P\u00e9rez Morales, Daniel G\u00e1lvez, Manuel Fuentes, entre otros, y ciudadanos que conocieron la trayectoria del comunicador a quien dedicaron la trova cultural.<\/p>\n<p>Al final el alcalde y el dirigente de la Asociaci\u00f3n de periodistas de la Chontalpa (APECHAC), Carlos G\u00f3mez Alamilla entregaron un reconocimiento p\u00f3stumo a la viuda e hija de F\u00e9lix Hern\u00e1ndez, Lety S\u00e1nchez y Sonia Hern\u00e1ndez, respectivamente; Asimismo a su se\u00f1ora madre, quien fue acompa\u00f1ada de su hijo Fredy.<\/p>\n<p>A nombre de todos ellos, Sonia Hern\u00e1ndez agradeci\u00f3 a los organizadores del evento para recordar a su padre en su primer aniversario luctuoso.<\/p>\n","protected":false},"excerpt":{"rendered":"<p>C\u00c1RDENAS, TAB.- A un a\u00f1o de su ausencia f\u00edsica, pero no de su trabajo period\u00edstico y ejemplo de ser humano, que vive en muchos, la Asociaci\u00f3n de Periodistas de la Chontalpa (APECHAC), rindi\u00f3 homenaje al compa\u00f1ero periodista F\u00e9lix Hern\u00e1ndez L\u00f3pez a un a\u00f1o de su muerte;\u00a0 con una trova cultural presenciada por su madre Rufina [&hellip;]<\/p>\n","protected":false},"author":2,"featured_media":371248,"comment_status":"closed","ping_status":"closed","sticky":false,"template":"","format":"standard","meta":{"footnotes":""},"categories":[12],"tags":[],"class_list":["post-371272","post","type-post","status-publish","format-standard","has-post-thumbnail","hentry","category-municipios"],"_links":{"self":[{"href":"https:\/\/diarioavancetabasco.com\/index.php?rest_route=\/wp\/v2\/posts\/371272","targetHints":{"allow":["GET"]}}],"collection":[{"href":"https:\/\/diarioavancetabasco.com\/index.php?rest_route=\/wp\/v2\/posts"}],"about":[{"href":"https:\/\/diarioavancetabasco.com\/index.php?rest_route=\/wp\/v2\/types\/post"}],"author":[{"embeddable":true,"href":"https:\/\/diarioavancetabasco.com\/index.php?rest_route=\/wp\/v2\/users\/2"}],"replies":[{"embeddable":true,"href":"https:\/\/diarioavancetabasco.com\/index.php?rest_route=%2Fwp%2Fv2%2Fcomments&post=371272"}],"version-history":[{"count":2,"href":"https:\/\/diarioavancetabasco.com\/index.php?rest_route=\/wp\/v2\/posts\/371272\/revisions"}],"predecessor-version":[{"id":371310,"href":"https:\/\/diarioavancetabasco.com\/index.php?rest_route=\/wp\/v2\/posts\/371272\/revisions\/371310"}],"wp:featuredmedia":[{"embeddable":true,"href":"https:\/\/diarioavancetabasco.com\/index.php?rest_route=\/wp\/v2\/media\/371248"}],"wp:attachment":[{"href":"https:\/\/diarioavancetabasco.com\/index.php?rest_route=%2Fwp%2Fv2%2Fmedia&parent=371272"}],"wp:term":[{"taxonomy":"category","embeddable":true,"href":"https:\/\/diarioavancetabasco.com\/index.php?rest_route=%2Fwp%2Fv2%2Fcategories&post=371272"},{"taxonomy":"post_tag","embeddable":true,"href":"https:\/\/diarioavancetabasco.com\/index.php?rest_route=%2Fwp%2Fv2%2Ftags&post=371272"}],"curies":[{"name":"wp","href":"https:\/\/api.w.org\/{rel}","templated":true}]}}