{"id":371329,"date":"2019-02-14T21:33:06","date_gmt":"2019-02-15T03:33:06","guid":{"rendered":"http:\/\/diarioavancetabasco.com\/?p=371329"},"modified":"2019-02-14T21:33:06","modified_gmt":"2019-02-15T03:33:06","slug":"el-papa-fustiga-a-maduro","status":"publish","type":"post","link":"https:\/\/diarioavancetabasco.com\/?p=371329","title":{"rendered":"El Papa fustiga a Maduro"},"content":{"rendered":"<style type=\"text\/css\"><!--\np.p1 {margin: 0.0px 0.0px 0.0px 0.0px; text-align: justify; line-height: 10.0px; font: 52.0px Whitman}\np.p2 {margin: 0.0px 0.0px 0.0px 0.0px; text-align: justify; line-height: 10.0px; font: 10.0px Whitman}\np.p3 {margin: 0.0px 0.0px 0.0px 0.0px; text-align: justify; text-indent: 6.0px; line-height: 10.0px; font: 10.0px Whitman}\nspan.s1 {letter-spacing: -0.2px}\n--><\/style>\n<p>El papa Francisco envi\u00f3 una carta al mandatario venezolano, Nicol\u00e1s Maduro, en la que le recuerda que ha incumplido todos los compromisos fijados y por ello descarta mediar en la crisis que golpea a su pa\u00eds, seg\u00fan la misiva revelada ayer por la prensa italiana.<\/p>\n<p>La carta fue publicada por el diario italiano Il Corriere della Sera y se alcanza a leer, escrito en espa\u00f1ol, que est\u00e1 dirigida al \u201cExcelent\u00edsimo se\u00f1or Nicol\u00e1s Maduro Moros\u201d y no al Presidente venezolano.<\/p>\n<p>De acuerdo con el art\u00edcu-lo de Il Corriere della Sera, el papa Francisco enfatiz\u00f3 en los repetidos intentos solicitados por Maduro y realizados por la Santa Sede en los \u00faltimos a\u00f1os para \u201ctratar de encontrar una salida a la crisis venezolana\u201d.<\/p>\n<p>Se trata de una respuesta dura de Francisco al pedido de mediaci\u00f3n hecho a principios de este mes por Maduro para que interceda en la crisis de Venezuela.<\/p>\n<p>Seg\u00fan el art\u00edculo del diario italiano, firmado por el editorialista Massimo Franco, cercano al pont\u00edfice, en la carta el Papa no se pronuncia sobre el reconocimiento de Juan Guaid\u00f3 como presidente interino de Venezuela, tema sobre el que mantiene una posici\u00f3n prudente.<\/p>\n","protected":false},"excerpt":{"rendered":"<p>El papa Francisco envi\u00f3 una carta al mandatario venezolano, Nicol\u00e1s Maduro, en la que le recuerda que ha incumplido todos los compromisos fijados y por ello descarta mediar en la crisis que golpea a su pa\u00eds, seg\u00fan la misiva revelada ayer por la prensa italiana. La carta fue publicada por el diario italiano Il Corriere [&hellip;]<\/p>\n","protected":false},"author":2,"featured_media":371340,"comment_status":"closed","ping_status":"closed","sticky":false,"template":"","format":"standard","meta":{"footnotes":""},"categories":[4],"tags":[],"class_list":["post-371329","post","type-post","status-publish","format-standard","has-post-thumbnail","hentry","category-mundo"],"_links":{"self":[{"href":"https:\/\/diarioavancetabasco.com\/index.php?rest_route=\/wp\/v2\/posts\/371329","targetHints":{"allow":["GET"]}}],"collection":[{"href":"https:\/\/diarioavancetabasco.com\/index.php?rest_route=\/wp\/v2\/posts"}],"about":[{"href":"https:\/\/diarioavancetabasco.com\/index.php?rest_route=\/wp\/v2\/types\/post"}],"author":[{"embeddable":true,"href":"https:\/\/diarioavancetabasco.com\/index.php?rest_route=\/wp\/v2\/users\/2"}],"replies":[{"embeddable":true,"href":"https:\/\/diarioavancetabasco.com\/index.php?rest_route=%2Fwp%2Fv2%2Fcomments&post=371329"}],"version-history":[{"count":1,"href":"https:\/\/diarioavancetabasco.com\/index.php?rest_route=\/wp\/v2\/posts\/371329\/revisions"}],"predecessor-version":[{"id":371346,"href":"https:\/\/diarioavancetabasco.com\/index.php?rest_route=\/wp\/v2\/posts\/371329\/revisions\/371346"}],"wp:featuredmedia":[{"embeddable":true,"href":"https:\/\/diarioavancetabasco.com\/index.php?rest_route=\/wp\/v2\/media\/371340"}],"wp:attachment":[{"href":"https:\/\/diarioavancetabasco.com\/index.php?rest_route=%2Fwp%2Fv2%2Fmedia&parent=371329"}],"wp:term":[{"taxonomy":"category","embeddable":true,"href":"https:\/\/diarioavancetabasco.com\/index.php?rest_route=%2Fwp%2Fv2%2Fcategories&post=371329"},{"taxonomy":"post_tag","embeddable":true,"href":"https:\/\/diarioavancetabasco.com\/index.php?rest_route=%2Fwp%2Fv2%2Ftags&post=371329"}],"curies":[{"name":"wp","href":"https:\/\/api.w.org\/{rel}","templated":true}]}}