{"id":371363,"date":"2019-02-14T21:41:16","date_gmt":"2019-02-15T03:41:16","guid":{"rendered":"http:\/\/diarioavancetabasco.com\/?p=371363"},"modified":"2019-02-14T21:41:16","modified_gmt":"2019-02-15T03:41:16","slug":"mia-rubin-presume-su-voz","status":"publish","type":"post","link":"https:\/\/diarioavancetabasco.com\/?p=371363","title":{"rendered":"Mia Rub\u00edn presume su voz"},"content":{"rendered":"<style type=\"text\/css\"><!--\np.p1 {margin: 0.0px 0.0px 0.0px 0.0px; text-align: justify; line-height: 10.0px; font: 10.0px Whitman}\nspan.s1 {letter-spacing: -0.2px}\n--><\/style>\n<p>La mayor fuente de orgullo de Andrea Legarreta y Erik Rub\u00edn son sin duda sus hijas Mia y Nina. Estas dos jovencitas se han ganado el cari\u00f1o de los fans de sus famosos padres gracias a su innegable carisma.<\/p>\n<p>Ambas jovencitas han demostrado su inter\u00e9s en seguir los pasos de su guapa mam\u00e1 en la actuaci\u00f3n, pues pese a su corta edad ya han incursionado en el cine.<\/p>\n<p>Pero ahora, la mayor de estas ni\u00f1as, ha dado la m\u00e1s clara muestra de que su talento tambi\u00e9n abarca el canto.<\/p>\n<p>En sus redes sociales, Mia comparti\u00f3 un breve video en el que presume su afinada voz, dejando ver que adem\u00e1s del parecido f\u00edsico de su pap\u00e1, tambi\u00e9n le hered\u00f3 la habilidad vocal.<\/p>\n","protected":false},"excerpt":{"rendered":"<p>La mayor fuente de orgullo de Andrea Legarreta y Erik Rub\u00edn son sin duda sus hijas Mia y Nina. Estas dos jovencitas se han ganado el cari\u00f1o de los fans de sus famosos padres gracias a su innegable carisma. Ambas jovencitas han demostrado su inter\u00e9s en seguir los pasos de su guapa mam\u00e1 en la [&hellip;]<\/p>\n","protected":false},"author":2,"featured_media":371336,"comment_status":"closed","ping_status":"closed","sticky":false,"template":"","format":"standard","meta":{"footnotes":""},"categories":[11],"tags":[],"class_list":["post-371363","post","type-post","status-publish","format-standard","has-post-thumbnail","hentry","category-espectaculos"],"_links":{"self":[{"href":"https:\/\/diarioavancetabasco.com\/index.php?rest_route=\/wp\/v2\/posts\/371363","targetHints":{"allow":["GET"]}}],"collection":[{"href":"https:\/\/diarioavancetabasco.com\/index.php?rest_route=\/wp\/v2\/posts"}],"about":[{"href":"https:\/\/diarioavancetabasco.com\/index.php?rest_route=\/wp\/v2\/types\/post"}],"author":[{"embeddable":true,"href":"https:\/\/diarioavancetabasco.com\/index.php?rest_route=\/wp\/v2\/users\/2"}],"replies":[{"embeddable":true,"href":"https:\/\/diarioavancetabasco.com\/index.php?rest_route=%2Fwp%2Fv2%2Fcomments&post=371363"}],"version-history":[{"count":1,"href":"https:\/\/diarioavancetabasco.com\/index.php?rest_route=\/wp\/v2\/posts\/371363\/revisions"}],"predecessor-version":[{"id":371364,"href":"https:\/\/diarioavancetabasco.com\/index.php?rest_route=\/wp\/v2\/posts\/371363\/revisions\/371364"}],"wp:featuredmedia":[{"embeddable":true,"href":"https:\/\/diarioavancetabasco.com\/index.php?rest_route=\/wp\/v2\/media\/371336"}],"wp:attachment":[{"href":"https:\/\/diarioavancetabasco.com\/index.php?rest_route=%2Fwp%2Fv2%2Fmedia&parent=371363"}],"wp:term":[{"taxonomy":"category","embeddable":true,"href":"https:\/\/diarioavancetabasco.com\/index.php?rest_route=%2Fwp%2Fv2%2Fcategories&post=371363"},{"taxonomy":"post_tag","embeddable":true,"href":"https:\/\/diarioavancetabasco.com\/index.php?rest_route=%2Fwp%2Fv2%2Ftags&post=371363"}],"curies":[{"name":"wp","href":"https:\/\/api.w.org\/{rel}","templated":true}]}}