{"id":371438,"date":"2019-02-16T00:37:01","date_gmt":"2019-02-16T06:37:01","guid":{"rendered":"http:\/\/diarioavancetabasco.com\/?p=371438"},"modified":"2019-02-16T00:37:23","modified_gmt":"2019-02-16T06:37:23","slug":"confian-que-se-cumpla-el-borron-y-cuenta-nueva","status":"publish","type":"post","link":"https:\/\/diarioavancetabasco.com\/?p=371438","title":{"rendered":"Conf\u00edan que se cumpla  el \u201cborr\u00f3n y cuenta nueva\u201d"},"content":{"rendered":"<p><!--\np.p1 {margin: 0.0px 0.0px 0.0px 0.0px; text-align: justify; line-height: 10.0px; font: 10.0px Whitman}\np.p2 {margin: 0.0px 0.0px 0.0px 0.0px; text-align: justify; text-indent: 6.0px; line-height: 10.0px; font: 10.0px Whitman}\nspan.s1 {letter-spacing: -0.4px}\n-->La bancada del PVEM a\u00fan conf\u00eda en que el gobierno federal de Andr\u00e9s Manuel L\u00f3pez Obrador, cumpla con el borr\u00f3n y cuenta nueva, adem\u00e1s de la tarifa preferencial de luz para Tabasco, manifest\u00f3 la coordinadora parlamentaria de este partido en el Congreso local, Odette Carolina Lastra Garc\u00eda.<\/p>\n<p>Se\u00f1al\u00f3 que de la misma manera su instituto pol\u00edtico est\u00e1 a la expectativa de lo que suceda al respecto.<\/p>\n<p>Al mismo tiempo, pidi\u00f3 a la poblaci\u00f3n tener paciencia y esperar a que llegue el tiempo del anunci\u00f3 del borr\u00f3n y cuenta nueva y tarifa preferencial para Tabasco.<\/p>\n<p>\u201cEn la bancada como en el partido estamos en la expectativa de que se cumpla el borr\u00f3n, cuenta nueva y la Tarifa Preferencial de luz\u201d, se\u00f1al\u00f3.<\/p>\n<p>No obstante, indic\u00f3 que llegado el momento el Verde deber\u00e1 marcar una postura al respecto.<\/p>\n<p>Insisti\u00f3 que por lo pronto est\u00e1n expectantes y atentos al sentir de la poblaci\u00f3n tabasque\u00f1a.<\/p>\n","protected":false},"excerpt":{"rendered":"<p>La bancada del PVEM a\u00fan conf\u00eda en que el gobierno federal de Andr\u00e9s Manuel L\u00f3pez Obrador, cumpla con el borr\u00f3n y cuenta nueva, adem\u00e1s de la tarifa preferencial de luz para Tabasco, manifest\u00f3 la coordinadora parlamentaria de este partido en el Congreso local, Odette Carolina Lastra Garc\u00eda. Se\u00f1al\u00f3 que de la misma manera su instituto [&hellip;]<\/p>\n","protected":false},"author":2,"featured_media":371421,"comment_status":"closed","ping_status":"closed","sticky":false,"template":"","format":"standard","meta":{"footnotes":""},"categories":[9],"tags":[],"class_list":["post-371438","post","type-post","status-publish","format-standard","has-post-thumbnail","hentry","category-politica"],"_links":{"self":[{"href":"https:\/\/diarioavancetabasco.com\/index.php?rest_route=\/wp\/v2\/posts\/371438","targetHints":{"allow":["GET"]}}],"collection":[{"href":"https:\/\/diarioavancetabasco.com\/index.php?rest_route=\/wp\/v2\/posts"}],"about":[{"href":"https:\/\/diarioavancetabasco.com\/index.php?rest_route=\/wp\/v2\/types\/post"}],"author":[{"embeddable":true,"href":"https:\/\/diarioavancetabasco.com\/index.php?rest_route=\/wp\/v2\/users\/2"}],"replies":[{"embeddable":true,"href":"https:\/\/diarioavancetabasco.com\/index.php?rest_route=%2Fwp%2Fv2%2Fcomments&post=371438"}],"version-history":[{"count":2,"href":"https:\/\/diarioavancetabasco.com\/index.php?rest_route=\/wp\/v2\/posts\/371438\/revisions"}],"predecessor-version":[{"id":371482,"href":"https:\/\/diarioavancetabasco.com\/index.php?rest_route=\/wp\/v2\/posts\/371438\/revisions\/371482"}],"wp:featuredmedia":[{"embeddable":true,"href":"https:\/\/diarioavancetabasco.com\/index.php?rest_route=\/wp\/v2\/media\/371421"}],"wp:attachment":[{"href":"https:\/\/diarioavancetabasco.com\/index.php?rest_route=%2Fwp%2Fv2%2Fmedia&parent=371438"}],"wp:term":[{"taxonomy":"category","embeddable":true,"href":"https:\/\/diarioavancetabasco.com\/index.php?rest_route=%2Fwp%2Fv2%2Fcategories&post=371438"},{"taxonomy":"post_tag","embeddable":true,"href":"https:\/\/diarioavancetabasco.com\/index.php?rest_route=%2Fwp%2Fv2%2Ftags&post=371438"}],"curies":[{"name":"wp","href":"https:\/\/api.w.org\/{rel}","templated":true}]}}