{"id":371440,"date":"2019-02-16T00:37:32","date_gmt":"2019-02-16T06:37:32","guid":{"rendered":"http:\/\/diarioavancetabasco.com\/?p=371440"},"modified":"2019-02-16T00:37:41","modified_gmt":"2019-02-16T06:37:41","slug":"lideres-del-pacto-ribereno-se-entrevistaran-con-amlo","status":"publish","type":"post","link":"https:\/\/diarioavancetabasco.com\/?p=371440","title":{"rendered":"L\u00edderes del Pacto Ribere\u00f1o se entrevistar\u00e1n con AMLO"},"content":{"rendered":"<p><!--\np.p1 {margin: 0.0px 0.0px 0.0px 0.0px; text-align: justify; line-height: 10.0px; font: 52.0px Whitman}\np.p2 {margin: 0.0px 0.0px 0.0px 0.0px; text-align: justify; line-height: 10.0px; font: 10.0px Whitman}\np.p3 {margin: 0.0px 0.0px 0.0px 0.0px; text-align: justify; text-indent: 6.0px; line-height: 10.0px; font: 10.0px Whitman}\nspan.s1 {letter-spacing: -0.2px}\nspan.s2 {letter-spacing: -0.3px}\n-->COMALCALCO, TAB.- A 36 a\u00f1os de haber sido reprimido \u201cPacto Ribere\u00f1o\u201d hoy nuevamente se preparan para volver a exponer sus demandas, ante el luchador social y Presidente de la Rep\u00fablica Andr\u00e9s Manuel L\u00f3pez Obrador, al cual habr\u00e1n de recordarle cada una de las demandas de los campesinos por da\u00f1os de PEMEX y que vienen reclamando desde 1983 cuando fueron reprimidos, por el gobierno de aquel tiempo.<\/p>\n<p>Desde 1975 en que surgiera el pacto diversos lideres han abanderado esta lucha y hoy Eulogio L\u00f3pez M\u00e9ndez abandera la causa\u00a0 del Pacto Rivere\u00f1o, quien tiene en sus manos una recomendaci\u00f3n de la Comisi\u00f3n Nacional de los Derechos Humanos, en donde se ordena a las instancias del Gobierno Federal, cumplir con el resarcimiento de da\u00f1os a m\u00e1s de 22 mil campesinos de la zona de la costa desde Huimanguillo, C\u00e1rdenas, Comalcalco y Para\u00edso.<\/p>\n<p>L\u00f3pez M\u00e9ndez redordo que desde aquella\u00a0 primera marcha de protesta social en Tabasco en 1983, el Pacto Ribere\u00f1o, fue reprimido por el gobierno estatal por exigir pago de afectaciones a Pemex, y el reclamo de libertad de 30 lideres comunitarios encarcelados en el CRESET., hoy otros de los lideres Arturo C\u00f3rdoba, se\u00f1ala que se han iniciado las platicas para exponer a Lopez Obrador, una demanda que considerar justa como las muchas que este abandero como luchador social.<\/p>\n<p>Hoy esperamos que haya respuesta a nuestras demandas expresan los lideres de la costas, al recordar aquella caminata que inici\u00f3 en Comalcalco y concluy\u00f3 en Villahermosa, esperamos expresan otros lideres que no sea necesario\u00a0 recurrir a estas acciones porque nos asiste la raz\u00f3n y las instancias asi no las han dado expresa Rufino Hernandez otros de los luchadores sociales de la zona.<\/p>\n<p>El Pacto Rivere\u00f1o esta vivo y con hambre de justicia, porque la CIAR 100, y la creaci\u00f3n de secretarias como la Codezpet y el Prodecot para \u201ccontrolar\u201d las inconformidades solo beneficiaron a los m\u00e1s ricos, a funcionarios locales, de pemex y y lideres del oficialismo.<\/p>\n","protected":false},"excerpt":{"rendered":"<p>COMALCALCO, TAB.- A 36 a\u00f1os de haber sido reprimido \u201cPacto Ribere\u00f1o\u201d hoy nuevamente se preparan para volver a exponer sus demandas, ante el luchador social y Presidente de la Rep\u00fablica Andr\u00e9s Manuel L\u00f3pez Obrador, al cual habr\u00e1n de recordarle cada una de las demandas de los campesinos por da\u00f1os de PEMEX y que vienen reclamando [&hellip;]<\/p>\n","protected":false},"author":2,"featured_media":371422,"comment_status":"closed","ping_status":"closed","sticky":false,"template":"","format":"standard","meta":{"footnotes":""},"categories":[12],"tags":[],"class_list":["post-371440","post","type-post","status-publish","format-standard","has-post-thumbnail","hentry","category-municipios"],"_links":{"self":[{"href":"https:\/\/diarioavancetabasco.com\/index.php?rest_route=\/wp\/v2\/posts\/371440","targetHints":{"allow":["GET"]}}],"collection":[{"href":"https:\/\/diarioavancetabasco.com\/index.php?rest_route=\/wp\/v2\/posts"}],"about":[{"href":"https:\/\/diarioavancetabasco.com\/index.php?rest_route=\/wp\/v2\/types\/post"}],"author":[{"embeddable":true,"href":"https:\/\/diarioavancetabasco.com\/index.php?rest_route=\/wp\/v2\/users\/2"}],"replies":[{"embeddable":true,"href":"https:\/\/diarioavancetabasco.com\/index.php?rest_route=%2Fwp%2Fv2%2Fcomments&post=371440"}],"version-history":[{"count":3,"href":"https:\/\/diarioavancetabasco.com\/index.php?rest_route=\/wp\/v2\/posts\/371440\/revisions"}],"predecessor-version":[{"id":371442,"href":"https:\/\/diarioavancetabasco.com\/index.php?rest_route=\/wp\/v2\/posts\/371440\/revisions\/371442"}],"wp:featuredmedia":[{"embeddable":true,"href":"https:\/\/diarioavancetabasco.com\/index.php?rest_route=\/wp\/v2\/media\/371422"}],"wp:attachment":[{"href":"https:\/\/diarioavancetabasco.com\/index.php?rest_route=%2Fwp%2Fv2%2Fmedia&parent=371440"}],"wp:term":[{"taxonomy":"category","embeddable":true,"href":"https:\/\/diarioavancetabasco.com\/index.php?rest_route=%2Fwp%2Fv2%2Fcategories&post=371440"},{"taxonomy":"post_tag","embeddable":true,"href":"https:\/\/diarioavancetabasco.com\/index.php?rest_route=%2Fwp%2Fv2%2Ftags&post=371440"}],"curies":[{"name":"wp","href":"https:\/\/api.w.org\/{rel}","templated":true}]}}