{"id":371463,"date":"2019-02-16T00:19:29","date_gmt":"2019-02-16T06:19:29","guid":{"rendered":"http:\/\/diarioavancetabasco.com\/?p=371463"},"modified":"2019-02-16T00:19:30","modified_gmt":"2019-02-16T06:19:30","slug":"instalan-subcomite-sectorial-de-salud-seguridad-y-asistencia-social-2019-2024","status":"publish","type":"post","link":"https:\/\/diarioavancetabasco.com\/?p=371463","title":{"rendered":"Instalan Subcomit\u00e9 Sectorial  de Salud, Seguridad y  Asistencia Social 2019-2024"},"content":{"rendered":"<p><!--\np.p1 {margin: 0.0px 0.0px 0.0px 0.0px; text-align: justify; text-indent: 6.0px; line-height: 10.0px; font: 10.0px Whitman}\nspan.s1 {letter-spacing: -0.2px}\n-->Con el objetivo garantizar en la poblaci\u00f3n tabasque\u00f1a el derecho a la salud en igualdad de condiciones, este viernes fue instalado el Subcomit\u00e9 Sectorial de Salud, Seguridad y Asistencia Social 2019-2024.<\/p>\n<p>Durante el encuentro, la secretaria de Salud, Silvia Rold\u00e1n Fern\u00e1ndez en su calidad de coordinadora del Subcomit\u00e9, expuso que el objetivo de la nueva pol\u00edtica social es hacer universal el sistema de salud del estado, con la suma de esfuerzos y el apoyo de todas las instituciones que conforman el sector a fin de alcanzar\u00a0 la meta.<\/p>\n<p>En presencia del coordinador regional del Sur de M\u00e9xico del Sistema Nacional de Salud, Juan Antonio Ferrer Aguilar, as\u00ed como los titulares en el estado del IMSS, ISSSTE, ISSET, DIF, Sedena, Marina, Seguro Popular, Colegio M\u00e9dico, as\u00ed como las diferentes universidades p\u00fablicas y privadas, la funcionaria resalt\u00f3 que esta suma de esfuerzos y voluntades, recibir\u00e1 el apoyo del presidente de la Rep\u00fablica Andr\u00e9s Manuel L\u00f3pez Obrador, quien tiene el tema de la salud como una prioridad dentro de su agenda de gobierno.<\/p>\n","protected":false},"excerpt":{"rendered":"<p>Con el objetivo garantizar en la poblaci\u00f3n tabasque\u00f1a el derecho a la salud en igualdad de condiciones, este viernes fue instalado el Subcomit\u00e9 Sectorial de Salud, Seguridad y Asistencia Social 2019-2024. Durante el encuentro, la secretaria de Salud, Silvia Rold\u00e1n Fern\u00e1ndez en su calidad de coordinadora del Subcomit\u00e9, expuso que el objetivo de la nueva [&hellip;]<\/p>\n","protected":false},"author":2,"featured_media":371456,"comment_status":"closed","ping_status":"closed","sticky":false,"template":"","format":"standard","meta":{"footnotes":""},"categories":[9],"tags":[],"class_list":["post-371463","post","type-post","status-publish","format-standard","has-post-thumbnail","hentry","category-politica"],"_links":{"self":[{"href":"https:\/\/diarioavancetabasco.com\/index.php?rest_route=\/wp\/v2\/posts\/371463","targetHints":{"allow":["GET"]}}],"collection":[{"href":"https:\/\/diarioavancetabasco.com\/index.php?rest_route=\/wp\/v2\/posts"}],"about":[{"href":"https:\/\/diarioavancetabasco.com\/index.php?rest_route=\/wp\/v2\/types\/post"}],"author":[{"embeddable":true,"href":"https:\/\/diarioavancetabasco.com\/index.php?rest_route=\/wp\/v2\/users\/2"}],"replies":[{"embeddable":true,"href":"https:\/\/diarioavancetabasco.com\/index.php?rest_route=%2Fwp%2Fv2%2Fcomments&post=371463"}],"version-history":[{"count":2,"href":"https:\/\/diarioavancetabasco.com\/index.php?rest_route=\/wp\/v2\/posts\/371463\/revisions"}],"predecessor-version":[{"id":371476,"href":"https:\/\/diarioavancetabasco.com\/index.php?rest_route=\/wp\/v2\/posts\/371463\/revisions\/371476"}],"wp:featuredmedia":[{"embeddable":true,"href":"https:\/\/diarioavancetabasco.com\/index.php?rest_route=\/wp\/v2\/media\/371456"}],"wp:attachment":[{"href":"https:\/\/diarioavancetabasco.com\/index.php?rest_route=%2Fwp%2Fv2%2Fmedia&parent=371463"}],"wp:term":[{"taxonomy":"category","embeddable":true,"href":"https:\/\/diarioavancetabasco.com\/index.php?rest_route=%2Fwp%2Fv2%2Fcategories&post=371463"},{"taxonomy":"post_tag","embeddable":true,"href":"https:\/\/diarioavancetabasco.com\/index.php?rest_route=%2Fwp%2Fv2%2Ftags&post=371463"}],"curies":[{"name":"wp","href":"https:\/\/api.w.org\/{rel}","templated":true}]}}