{"id":371514,"date":"2019-02-18T00:11:23","date_gmt":"2019-02-18T06:11:23","guid":{"rendered":"http:\/\/diarioavancetabasco.com\/?p=371514"},"modified":"2019-02-18T00:11:25","modified_gmt":"2019-02-18T06:11:25","slug":"en-dos-semanas-dictamen-de-nueva-reforma-educativa","status":"publish","type":"post","link":"https:\/\/diarioavancetabasco.com\/?p=371514","title":{"rendered":"En dos semanas, dictamen  de nueva reforma educativa"},"content":{"rendered":"<p><!--\np.p1 {margin: 0.0px 0.0px 0.0px 0.0px; text-align: justify; line-height: 10.0px; font: 10.0px Whitman}\np.p2 {margin: 0.0px 0.0px 0.0px 0.0px; text-align: justify; text-indent: 6.0px; line-height: 10.0px; font: 10.0px Whitman}\n-->El l\u00edder de los diputados de Morena, Mario Delgado, asegur\u00f3 que en las pr\u00f3ximas dos semanas se concretar\u00e1 la elaboraci\u00f3n de un dictamen de la reforma educativa enviada por el Ejecutivo, con la participaci\u00f3n de todas las bancadas, la cual integrar\u00eda las opiniones vertidas en las audiencias p\u00fablicas y priorizar\u00e1 la excelencia y el inter\u00e9s superior de ni\u00f1ez y juventud.<\/p>\n<p>El legislador calific\u00f3 como un \u00e9xito las audiencias p\u00fablicas para el an\u00e1lisis de la reforma en materia educativa enviada por el Gobierno federal y asegur\u00f3 que nuevamente se obtienen resultados positivos de \u00e9sta que ya es una pr\u00e1ctica de parlamento abierto habitual en el recinto legislativo.<\/p>\n<p>Delgado Carrillo agradeci\u00f3 a los m\u00e1s de 210 ponentes, quienes expusieron sus puntos de vista ante los integrantes de las Comisiones de Educaci\u00f3n y Puntos Constitucionales.<\/p>\n<p>Apunt\u00f3 que tras escuchar la opini\u00f3n de maestros, organizaciones, padres de familia y funcionarios para enriquecer la propuesta del gobierno, persiste la urgencia de ofrecer a los ni\u00f1os del pa\u00eds un marco legal que les garantice educaci\u00f3n de excelencia.<\/p>\n<p>Se espera que en las pr\u00f3ximas semanas podamos tener un dictamen con la participaci\u00f3n de todos los grupos parlamentarios para lograr una reforma que busca la excelencia, que los ni\u00f1os, los j\u00f3venes y los adolescentes sean el centro del sistema educativo\u201d, enfatiz\u00f3.<\/p>\n<p>En su opini\u00f3n, la reforma acabar\u00e1 con el car\u00e1cter punitivo de la evaluaci\u00f3n docente, a fin de establecer mecanismos que permitan realizar un diagn\u00f3stico del estado del sistema educativo nacional e identificar los puntos fuertes y d\u00e9biles donde los maestros requieran desarrollo profesional y una preparaci\u00f3n que les permita mejorar en sus habilidades y pr\u00e1cticas docentes.<\/p>\n<p>Asimismo, con la intenci\u00f3n de dignificar la labor docente, se crear\u00e1 el Instituto Nacional para la Revalorizaci\u00f3n del Magisterio y la mejora continua de la educaci\u00f3n, el cual determinar\u00e1 est\u00e1ndares e indicadores de resultados.<\/p>\n<p>Los cambios legislativos incluyen tambi\u00e9n la certificaci\u00f3n de desempe\u00f1o de instituciones, autoridades y actores de la educaci\u00f3n para utilizar toda esta informaci\u00f3n y emitir los lineamientos para el desarrollo profesional y la formaci\u00f3n docente, as\u00ed como la formaci\u00f3n profesional de la gesti\u00f3n escolar para directores y supervisores.<\/p>\n<p>Adem\u00e1s de la realizaci\u00f3n de estudios, mediciones, evaluaciones e investigaciones especializadas dentro de un esquema de evaluaci\u00f3n pertinente.<\/p>\n<p>El legislador morenista destac\u00f3 que de esta reforma destacan los principios de equidad y de universalidad, que permitir\u00e1n tambi\u00e9n una pol\u00edtica incluyente, adecuada a esta diversidad cultural y \u00e9tnica, y garanticen el acceso de todos los mexicanos a la educaci\u00f3n.<\/p>\n<p>Mario Delgado a\u00f1adi\u00f3 que, de acuerdo con la iniciativa enviada por el gobierno federal, en escuelas de educaci\u00f3n b\u00e1sica en zonas vulnerables se implementar\u00e1n acciones de car\u00e1cter alimentario y se respaldar\u00e1 a los estudiantes en condiciones de desventaja.<\/p>\n<p>Tambi\u00e9n, apunt\u00f3, se otorgar\u00e1n unos 10 millones de becas a quien m\u00e1s lo necesite en el pa\u00eds, 300 mil mediante el programa J\u00f3venes Construyendo el Futuro, m\u00e1s de cuatro millones 230 mil en educaci\u00f3n media superior, logrando la cobertura universal en becas en ese nivel educativo, medidas con las que se abatir\u00e1 la deserci\u00f3n escolar.<\/p>\n","protected":false},"excerpt":{"rendered":"<p>El l\u00edder de los diputados de Morena, Mario Delgado, asegur\u00f3 que en las pr\u00f3ximas dos semanas se concretar\u00e1 la elaboraci\u00f3n de un dictamen de la reforma educativa enviada por el Ejecutivo, con la participaci\u00f3n de todas las bancadas, la cual integrar\u00eda las opiniones vertidas en las audiencias p\u00fablicas y priorizar\u00e1 la excelencia y el inter\u00e9s [&hellip;]<\/p>\n","protected":false},"author":2,"featured_media":371507,"comment_status":"closed","ping_status":"closed","sticky":false,"template":"","format":"standard","meta":{"footnotes":""},"categories":[3],"tags":[],"class_list":["post-371514","post","type-post","status-publish","format-standard","has-post-thumbnail","hentry","category-nacional"],"_links":{"self":[{"href":"https:\/\/diarioavancetabasco.com\/index.php?rest_route=\/wp\/v2\/posts\/371514","targetHints":{"allow":["GET"]}}],"collection":[{"href":"https:\/\/diarioavancetabasco.com\/index.php?rest_route=\/wp\/v2\/posts"}],"about":[{"href":"https:\/\/diarioavancetabasco.com\/index.php?rest_route=\/wp\/v2\/types\/post"}],"author":[{"embeddable":true,"href":"https:\/\/diarioavancetabasco.com\/index.php?rest_route=\/wp\/v2\/users\/2"}],"replies":[{"embeddable":true,"href":"https:\/\/diarioavancetabasco.com\/index.php?rest_route=%2Fwp%2Fv2%2Fcomments&post=371514"}],"version-history":[{"count":2,"href":"https:\/\/diarioavancetabasco.com\/index.php?rest_route=\/wp\/v2\/posts\/371514\/revisions"}],"predecessor-version":[{"id":371559,"href":"https:\/\/diarioavancetabasco.com\/index.php?rest_route=\/wp\/v2\/posts\/371514\/revisions\/371559"}],"wp:featuredmedia":[{"embeddable":true,"href":"https:\/\/diarioavancetabasco.com\/index.php?rest_route=\/wp\/v2\/media\/371507"}],"wp:attachment":[{"href":"https:\/\/diarioavancetabasco.com\/index.php?rest_route=%2Fwp%2Fv2%2Fmedia&parent=371514"}],"wp:term":[{"taxonomy":"category","embeddable":true,"href":"https:\/\/diarioavancetabasco.com\/index.php?rest_route=%2Fwp%2Fv2%2Fcategories&post=371514"},{"taxonomy":"post_tag","embeddable":true,"href":"https:\/\/diarioavancetabasco.com\/index.php?rest_route=%2Fwp%2Fv2%2Ftags&post=371514"}],"curies":[{"name":"wp","href":"https:\/\/api.w.org\/{rel}","templated":true}]}}