{"id":371520,"date":"2019-02-18T00:13:20","date_gmt":"2019-02-18T06:13:20","guid":{"rendered":"http:\/\/diarioavancetabasco.com\/?p=371520"},"modified":"2019-02-18T00:13:20","modified_gmt":"2019-02-18T06:13:20","slug":"proteccion-a-manaties","status":"publish","type":"post","link":"https:\/\/diarioavancetabasco.com\/?p=371520","title":{"rendered":"Protecci\u00f3n a manat\u00edes"},"content":{"rendered":"<p><!--\np.p1 {margin: 0.0px 0.0px 0.0px 0.0px; text-align: justify; line-height: 10.0px; font: 52.0px Whitman}\np.p2 {margin: 0.0px 0.0px 0.0px 0.0px; text-align: justify; line-height: 10.0px; font: 10.0px Whitman}\np.p3 {margin: 0.0px 0.0px 0.0px 0.0px; text-align: justify; text-indent: 6.0px; line-height: 10.0px; font: 10.0px Whitman}\nspan.s1 {letter-spacing: -0.2px}\nspan.s2 {letter-spacing: -0.4px}\n-->Ante la fuerte temporada de estiaje que se prev\u00e9 afecte al territorio tabasque\u00f1o, la reserva de la Biosfera de los Pantanos de Centla se est\u00e1 preparando para el cuidado intensivo de los poco m\u00e1s de 600 ejemplares que se tienen en la zona, a fin que no se presente un panorama similar a lo del 2018 inform\u00f3 el director, Carlos Manuel Villar Bedian.<\/p>\n<p>El funcionario previ\u00f3 que para esta especie que es muy vulnerable, se presente un panorama similar al del a\u00f1o pasado donde murieron cerca de 40 ejemplares pero por ello, se est\u00e1n preparando con talleres y pr\u00e1cticas para poder actuar a tiempo, pues ya se tiene la capacidad para ello y no se descarta que este a\u00f1o el escenario pudiera repetirse.<\/p>\n<p>\u201cS\u00ed se puede presentar, quiz\u00e1s no de esa magnitud porque ya se tienen muchas actividades y se ha estado trabajando con las comunidades, la SEMARNAT ha estado muy pendiente, la Secretar\u00eda de Bienestar y ahorita hay muchas pol\u00edticas alienadas, por eso estamos trabajando en ello porque el hecho pasado, fue sin precedentes y agarr\u00f3 a mucha gente fuera de base aunado a un cierre de gobierno; existe un monitoreo que en la zona tenemos a unos 600 manat\u00edes\u201d.<\/p>\n","protected":false},"excerpt":{"rendered":"<p>Ante la fuerte temporada de estiaje que se prev\u00e9 afecte al territorio tabasque\u00f1o, la reserva de la Biosfera de los Pantanos de Centla se est\u00e1 preparando para el cuidado intensivo de los poco m\u00e1s de 600 ejemplares que se tienen en la zona, a fin que no se presente un panorama similar a lo del [&hellip;]<\/p>\n","protected":false},"author":2,"featured_media":371501,"comment_status":"closed","ping_status":"closed","sticky":false,"template":"","format":"standard","meta":{"footnotes":""},"categories":[9],"tags":[],"class_list":["post-371520","post","type-post","status-publish","format-standard","has-post-thumbnail","hentry","category-politica"],"_links":{"self":[{"href":"https:\/\/diarioavancetabasco.com\/index.php?rest_route=\/wp\/v2\/posts\/371520","targetHints":{"allow":["GET"]}}],"collection":[{"href":"https:\/\/diarioavancetabasco.com\/index.php?rest_route=\/wp\/v2\/posts"}],"about":[{"href":"https:\/\/diarioavancetabasco.com\/index.php?rest_route=\/wp\/v2\/types\/post"}],"author":[{"embeddable":true,"href":"https:\/\/diarioavancetabasco.com\/index.php?rest_route=\/wp\/v2\/users\/2"}],"replies":[{"embeddable":true,"href":"https:\/\/diarioavancetabasco.com\/index.php?rest_route=%2Fwp%2Fv2%2Fcomments&post=371520"}],"version-history":[{"count":2,"href":"https:\/\/diarioavancetabasco.com\/index.php?rest_route=\/wp\/v2\/posts\/371520\/revisions"}],"predecessor-version":[{"id":371562,"href":"https:\/\/diarioavancetabasco.com\/index.php?rest_route=\/wp\/v2\/posts\/371520\/revisions\/371562"}],"wp:featuredmedia":[{"embeddable":true,"href":"https:\/\/diarioavancetabasco.com\/index.php?rest_route=\/wp\/v2\/media\/371501"}],"wp:attachment":[{"href":"https:\/\/diarioavancetabasco.com\/index.php?rest_route=%2Fwp%2Fv2%2Fmedia&parent=371520"}],"wp:term":[{"taxonomy":"category","embeddable":true,"href":"https:\/\/diarioavancetabasco.com\/index.php?rest_route=%2Fwp%2Fv2%2Fcategories&post=371520"},{"taxonomy":"post_tag","embeddable":true,"href":"https:\/\/diarioavancetabasco.com\/index.php?rest_route=%2Fwp%2Fv2%2Ftags&post=371520"}],"curies":[{"name":"wp","href":"https:\/\/api.w.org\/{rel}","templated":true}]}}