{"id":371584,"date":"2019-02-18T21:31:53","date_gmt":"2019-02-19T03:31:53","guid":{"rendered":"http:\/\/diarioavancetabasco.com\/?p=371584"},"modified":"2019-02-18T21:31:53","modified_gmt":"2019-02-19T03:31:53","slug":"preparan-cumbre-trump-kim","status":"publish","type":"post","link":"https:\/\/diarioavancetabasco.com\/?p=371584","title":{"rendered":"Preparan cumbre Trump-Kim"},"content":{"rendered":"<style type=\"text\/css\"><!--\np.p1 {margin: 0.0px 0.0px 0.0px 0.0px; text-align: justify; line-height: 10.0px; font: 52.0px Whitman}\np.p2 {margin: 0.0px 0.0px 0.0px 0.0px; text-align: justify; line-height: 10.0px; font: 10.0px Whitman}\np.p3 {margin: 0.0px 0.0px 0.0px 0.0px; text-align: justify; text-indent: 6.0px; line-height: 10.0px; font: 10.0px Whitman}\np.p4 {margin: 0.0px 0.0px 0.0px 0.0px; text-align: justify; text-indent: 6.0px; line-height: 10.0px; font: 11.0px Whitman}\nspan.s1 {letter-spacing: -0.2px}\n--><\/style>\n<p>Las delegaciones de Estados Unidos y Corea del Norte se encuentran en Vietnam para preparar la segunda cumbre de sus l\u00edderes respectivos, a celebrarse el 27 y 28 de febrero en el pa\u00eds del sudeste asi\u00e1tico.<\/p>\n<p>Un grupo norcoreano, encabezado por Kim Chang Son, estrecho colaborador del l\u00edder Kim Jong-un, lleg\u00f3 el s\u00e1bado a Han\u00f3i, capital de Vietnam, indic\u00f3 la cadena NHK.<\/p>\n<p>Seg\u00fan versiones preliminares, Kim Chang Son se reuni\u00f3 con autoridades vietnamitas y visit\u00f3 hoteles donde podr\u00eda alojarse el l\u00edder Kim.<\/p>\n<p>El mismo Kim Chang Son hizo los preparativos para la primera cumbre entre Estados Unidos y Corea del Norte, realizada en Singapur en junio pasado.<\/p>\n<p>En tanto, un equipo estadounidense tambi\u00e9n inspeccion\u00f3 posibles alojamientos para el presidente Donald Trump.Se prev\u00e9 una reuni\u00f3n de los equipos de ambos pa\u00edses para coordinar los detalles de la cumbre.<\/p>\n<p>LA OTRA COREA<\/p>\n<p>El Presidente de Corea del Sur, Moon Jae-in, se sum\u00f3 al apoyo para que su hom\u00f3logo estadunidense, Donald Trump, reciba el Premio Nobel de la Paz, indic\u00f3 hoy un funcionario de Se\u00fal.<\/p>\n","protected":false},"excerpt":{"rendered":"<p>Las delegaciones de Estados Unidos y Corea del Norte se encuentran en Vietnam para preparar la segunda cumbre de sus l\u00edderes respectivos, a celebrarse el 27 y 28 de febrero en el pa\u00eds del sudeste asi\u00e1tico. Un grupo norcoreano, encabezado por Kim Chang Son, estrecho colaborador del l\u00edder Kim Jong-un, lleg\u00f3 el s\u00e1bado a Han\u00f3i, [&hellip;]<\/p>\n","protected":false},"author":2,"featured_media":371596,"comment_status":"closed","ping_status":"closed","sticky":false,"template":"","format":"standard","meta":{"footnotes":""},"categories":[4],"tags":[],"class_list":["post-371584","post","type-post","status-publish","format-standard","has-post-thumbnail","hentry","category-mundo"],"_links":{"self":[{"href":"https:\/\/diarioavancetabasco.com\/index.php?rest_route=\/wp\/v2\/posts\/371584","targetHints":{"allow":["GET"]}}],"collection":[{"href":"https:\/\/diarioavancetabasco.com\/index.php?rest_route=\/wp\/v2\/posts"}],"about":[{"href":"https:\/\/diarioavancetabasco.com\/index.php?rest_route=\/wp\/v2\/types\/post"}],"author":[{"embeddable":true,"href":"https:\/\/diarioavancetabasco.com\/index.php?rest_route=\/wp\/v2\/users\/2"}],"replies":[{"embeddable":true,"href":"https:\/\/diarioavancetabasco.com\/index.php?rest_route=%2Fwp%2Fv2%2Fcomments&post=371584"}],"version-history":[{"count":1,"href":"https:\/\/diarioavancetabasco.com\/index.php?rest_route=\/wp\/v2\/posts\/371584\/revisions"}],"predecessor-version":[{"id":371603,"href":"https:\/\/diarioavancetabasco.com\/index.php?rest_route=\/wp\/v2\/posts\/371584\/revisions\/371603"}],"wp:featuredmedia":[{"embeddable":true,"href":"https:\/\/diarioavancetabasco.com\/index.php?rest_route=\/wp\/v2\/media\/371596"}],"wp:attachment":[{"href":"https:\/\/diarioavancetabasco.com\/index.php?rest_route=%2Fwp%2Fv2%2Fmedia&parent=371584"}],"wp:term":[{"taxonomy":"category","embeddable":true,"href":"https:\/\/diarioavancetabasco.com\/index.php?rest_route=%2Fwp%2Fv2%2Fcategories&post=371584"},{"taxonomy":"post_tag","embeddable":true,"href":"https:\/\/diarioavancetabasco.com\/index.php?rest_route=%2Fwp%2Fv2%2Ftags&post=371584"}],"curies":[{"name":"wp","href":"https:\/\/api.w.org\/{rel}","templated":true}]}}