{"id":371622,"date":"2019-02-19T00:40:47","date_gmt":"2019-02-19T06:40:47","guid":{"rendered":"http:\/\/diarioavancetabasco.com\/?p=371622"},"modified":"2019-02-19T00:41:10","modified_gmt":"2019-02-19T06:41:10","slug":"realizan-limpieza-del-rio-seco-de-comalcalco","status":"publish","type":"post","link":"https:\/\/diarioavancetabasco.com\/?p=371622","title":{"rendered":"Realizan limpieza del r\u00edo Seco de Comalcalco"},"content":{"rendered":"<p><!--\np.p1 {margin: 0.0px 0.0px 0.0px 0.0px; text-align: justify; line-height: 10.0px; font: 52.0px Whitman}\np.p2 {margin: 0.0px 0.0px 0.0px 0.0px; text-align: justify; line-height: 10.0px; font: 10.0px Whitman}\np.p3 {margin: 0.0px 0.0px 0.0px 0.0px; text-align: justify; text-indent: 6.0px; line-height: 10.0px; font: 10.0px Whitman}\nspan.s1 {letter-spacing: -0.2px}\nspan.s2 {letter-spacing: -0.4px}\n-->COMALCALCO, TAB.- Con una inversi\u00f3n de m\u00e1s de 700 mil pesos se dio inicio a la limpieza de m\u00e1s de 2 kil\u00f3metros del \u201cR\u00edo Seco\u201d que atraviesa la cabecera municipal de Comalcalco en el evento la presidente municipal Lorena M\u00e9ndez Denis quien dio el banderazo a los trabajos de limpieza y desorille de este cauce milenario en donde se busca cuidar con ello la salud de las familias aleda\u00f1as.<\/p>\n<p>Los trabajos contemplan el retiro de desechos urbanos y de vegetaci\u00f3n acu\u00e1tica apoyada con lanchas, ganchos, cuerdas y herramientas manuales, para ello se genera empleos y con ello se busca darle fluidez a las aguas residuales y que haya oxigenaci\u00f3n de este manto acu\u00edfero que hoy se encuentra altamente contaminado.<\/p>\n<p>Ser\u00e1n limpiadas las orillas con cuadrillas de trabajadores en una meta programada de 2 kil\u00f3metros, proyecto a ejecutar en 120 d\u00edas con una inversi\u00f3n de 716,791.64 pesos, ah\u00ed la presidenta llamo a los presentes a evitar que se siga contaminando con descargas de aguas negras y no convertir este rio en tiradero de basura.<\/p>\n<p>Previo al banderazo en compa\u00f1\u00eda de vecinos y funcionarios la alcaldesa, M\u00e9ndez Denis se\u00f1al\u00f3 que con la limpieza del \u2018R\u00edo Seco\u2019, se busca principalmente rescatar el medio ambiente pero en especial la salud de los habitantes de la cabecera municipal.<\/p>\n<p>Durante su mensaje, exhort\u00f3 a los ciudadanos a cuidar los recursos p\u00fablicos que se aplican en cada uno de los proyectos y mantener la limpieza de los r\u00edos, ya que sino se mantiene de manera permanente la limpieza pues vendremos el pr\u00f3ximo a\u00f1o a limpiarlo y as\u00ed recicl\u00e1ndola.<\/p>\n","protected":false},"excerpt":{"rendered":"<p>COMALCALCO, TAB.- Con una inversi\u00f3n de m\u00e1s de 700 mil pesos se dio inicio a la limpieza de m\u00e1s de 2 kil\u00f3metros del \u201cR\u00edo Seco\u201d que atraviesa la cabecera municipal de Comalcalco en el evento la presidente municipal Lorena M\u00e9ndez Denis quien dio el banderazo a los trabajos de limpieza y desorille de este cauce [&hellip;]<\/p>\n","protected":false},"author":2,"featured_media":371598,"comment_status":"closed","ping_status":"closed","sticky":false,"template":"","format":"standard","meta":{"footnotes":""},"categories":[12],"tags":[],"class_list":["post-371622","post","type-post","status-publish","format-standard","has-post-thumbnail","hentry","category-municipios"],"_links":{"self":[{"href":"https:\/\/diarioavancetabasco.com\/index.php?rest_route=\/wp\/v2\/posts\/371622","targetHints":{"allow":["GET"]}}],"collection":[{"href":"https:\/\/diarioavancetabasco.com\/index.php?rest_route=\/wp\/v2\/posts"}],"about":[{"href":"https:\/\/diarioavancetabasco.com\/index.php?rest_route=\/wp\/v2\/types\/post"}],"author":[{"embeddable":true,"href":"https:\/\/diarioavancetabasco.com\/index.php?rest_route=\/wp\/v2\/users\/2"}],"replies":[{"embeddable":true,"href":"https:\/\/diarioavancetabasco.com\/index.php?rest_route=%2Fwp%2Fv2%2Fcomments&post=371622"}],"version-history":[{"count":2,"href":"https:\/\/diarioavancetabasco.com\/index.php?rest_route=\/wp\/v2\/posts\/371622\/revisions"}],"predecessor-version":[{"id":371664,"href":"https:\/\/diarioavancetabasco.com\/index.php?rest_route=\/wp\/v2\/posts\/371622\/revisions\/371664"}],"wp:featuredmedia":[{"embeddable":true,"href":"https:\/\/diarioavancetabasco.com\/index.php?rest_route=\/wp\/v2\/media\/371598"}],"wp:attachment":[{"href":"https:\/\/diarioavancetabasco.com\/index.php?rest_route=%2Fwp%2Fv2%2Fmedia&parent=371622"}],"wp:term":[{"taxonomy":"category","embeddable":true,"href":"https:\/\/diarioavancetabasco.com\/index.php?rest_route=%2Fwp%2Fv2%2Fcategories&post=371622"},{"taxonomy":"post_tag","embeddable":true,"href":"https:\/\/diarioavancetabasco.com\/index.php?rest_route=%2Fwp%2Fv2%2Ftags&post=371622"}],"curies":[{"name":"wp","href":"https:\/\/api.w.org\/{rel}","templated":true}]}}