{"id":371694,"date":"2019-02-20T00:15:48","date_gmt":"2019-02-20T06:15:48","guid":{"rendered":"http:\/\/diarioavancetabasco.com\/?p=371694"},"modified":"2019-02-20T00:15:51","modified_gmt":"2019-02-20T06:15:51","slug":"roma-lista-para-la-entrega-del-oscar","status":"publish","type":"post","link":"https:\/\/diarioavancetabasco.com\/?p=371694","title":{"rendered":"Roma, lista para la entrega del Oscar"},"content":{"rendered":"<p><!--\np.p1 {margin: 0.0px 0.0px 0.0px 0.0px; text-align: justify; line-height: 10.0px; font: 52.0px Whitman}\np.p2 {margin: 0.0px 0.0px 0.0px 0.0px; text-align: justify; line-height: 10.0px; font: 10.0px Whitman}\np.p3 {margin: 0.0px 0.0px 0.0px 0.0px; text-align: justify; text-indent: 6.0px; line-height: 10.0px; font: 10.0px Whitman}\nspan.s1 {letter-spacing: -0.2px}\nspan.s2 {letter-spacing: -0.1px}\n-->El fen\u00f3meno Roma sigue dando de qu\u00e9 hablar. A unos d\u00edas de la entrega de los Oscar, Alfonso Cuar\u00f3n, Yalitza Aparicio y Marina de Tavira se preparan para \u201cel fin\u201d. Despu\u00e9s de ser la sensaci\u00f3n, desde su estreno en el Festival de Venecia, en septiembre pasado, hasta convertirse en el elenco favorito durante la temporada de premios, los compromisos del director y las actrices est\u00e1n por concluir.<\/p>\n<p>A seis d\u00edas de la noche de los Oscar, donde Roma est\u00e1 nominada en 10 categor\u00edas -incluidas Mejor Pel\u00edcula, Mejor Pel\u00edcula Extranjera, Mejor Director, Mejor Actriz y Mejor Actriz de Reparto- los protagonistas de esta historia se alistan para experimentar la gala m\u00e1s importante de este recorrido cinematogr\u00e1fico, evento con el que termina su agenda de trabajo.<\/p>\n<p>Seg\u00fan revel\u00f3 Alfonso Cuar\u00f3n en entrevista con Carlos Loret de Mola, el domingo ser\u00e1 la \u00faltima entrega para Roma y el \u00faltimo evento agendado para Yalitza Aparicio y Marina de Tavira: \u201cEn cuesti\u00f3n de compromisos, de premios (<br \/>\n) el domingo ya son los Oscares, el compromiso de ir a lugares hasta ah\u00ed llega\u201d, coment\u00f3.<\/p>\n","protected":false},"excerpt":{"rendered":"<p>El fen\u00f3meno Roma sigue dando de qu\u00e9 hablar. A unos d\u00edas de la entrega de los Oscar, Alfonso Cuar\u00f3n, Yalitza Aparicio y Marina de Tavira se preparan para \u201cel fin\u201d. Despu\u00e9s de ser la sensaci\u00f3n, desde su estreno en el Festival de Venecia, en septiembre pasado, hasta convertirse en el elenco favorito durante la temporada [&hellip;]<\/p>\n","protected":false},"author":2,"featured_media":371682,"comment_status":"closed","ping_status":"closed","sticky":false,"template":"","format":"standard","meta":{"footnotes":""},"categories":[11],"tags":[],"class_list":["post-371694","post","type-post","status-publish","format-standard","has-post-thumbnail","hentry","category-espectaculos"],"_links":{"self":[{"href":"https:\/\/diarioavancetabasco.com\/index.php?rest_route=\/wp\/v2\/posts\/371694","targetHints":{"allow":["GET"]}}],"collection":[{"href":"https:\/\/diarioavancetabasco.com\/index.php?rest_route=\/wp\/v2\/posts"}],"about":[{"href":"https:\/\/diarioavancetabasco.com\/index.php?rest_route=\/wp\/v2\/types\/post"}],"author":[{"embeddable":true,"href":"https:\/\/diarioavancetabasco.com\/index.php?rest_route=\/wp\/v2\/users\/2"}],"replies":[{"embeddable":true,"href":"https:\/\/diarioavancetabasco.com\/index.php?rest_route=%2Fwp%2Fv2%2Fcomments&post=371694"}],"version-history":[{"count":2,"href":"https:\/\/diarioavancetabasco.com\/index.php?rest_route=\/wp\/v2\/posts\/371694\/revisions"}],"predecessor-version":[{"id":371740,"href":"https:\/\/diarioavancetabasco.com\/index.php?rest_route=\/wp\/v2\/posts\/371694\/revisions\/371740"}],"wp:featuredmedia":[{"embeddable":true,"href":"https:\/\/diarioavancetabasco.com\/index.php?rest_route=\/wp\/v2\/media\/371682"}],"wp:attachment":[{"href":"https:\/\/diarioavancetabasco.com\/index.php?rest_route=%2Fwp%2Fv2%2Fmedia&parent=371694"}],"wp:term":[{"taxonomy":"category","embeddable":true,"href":"https:\/\/diarioavancetabasco.com\/index.php?rest_route=%2Fwp%2Fv2%2Fcategories&post=371694"},{"taxonomy":"post_tag","embeddable":true,"href":"https:\/\/diarioavancetabasco.com\/index.php?rest_route=%2Fwp%2Fv2%2Ftags&post=371694"}],"curies":[{"name":"wp","href":"https:\/\/api.w.org\/{rel}","templated":true}]}}