{"id":371715,"date":"2019-02-19T21:29:52","date_gmt":"2019-02-20T03:29:52","guid":{"rendered":"http:\/\/diarioavancetabasco.com\/?p=371715"},"modified":"2019-02-19T21:29:52","modified_gmt":"2019-02-20T03:29:52","slug":"muere-migrante-mexicano-bajo-custodia-en-eu","status":"publish","type":"post","link":"https:\/\/diarioavancetabasco.com\/?p=371715","title":{"rendered":"Muere migrante mexicano bajo custodia en EU"},"content":{"rendered":"<style type=\"text\/css\"><!--\np.p1 {margin: 0.0px 0.0px 0.0px 0.0px; text-align: justify; line-height: 10.0px; font: 10.0px Whitman}\np.p2 {margin: 0.0px 0.0px 0.0px 0.0px; text-align: justify; text-indent: 6.0px; line-height: 10.0px; font: 10.0px Whitman}\np.p3 {margin: 2.9px 0.0px 0.0px 0.0px; line-height: 10.0px; font: 11.0px Amplitude}\nspan.s1 {letter-spacing: -0.2px}\n--><\/style>\n<p>Un migrante mexicano detenido por la Patrulla Fronteriza por reingresar ilegalmente a Estados Unidos falleci\u00f3 el lunes en un hospital de Texas.<\/p>\n<p>El hombre de 45 a\u00f1os fue aprehendido el 2 de febrero y solicit\u00f3 atenci\u00f3n m\u00e9dica, dijo Andrew Meehan, portavoz de la Oficina de Aduanas y Protecci\u00f3n Fronteriza.<\/p>\n<p>Fue trasladado a un centro m\u00e9dico y posteriormente se le dio de alta para que regresara a la Estaci\u00f3n de la Patrulla Fronteriza en Rio Grande City.<\/p>\n<p>A\u00fan no se sabe la causa oficial del fallecimiento, dijo Meehan, pero el centro m\u00e9dico le diagnostic\u00f3 cirrosis hep\u00e1tica e insuficiencia cardiaca cuando ingres\u00f3.<\/p>\n<p><b>TERCERA MUERTE<\/b><\/p>\n<p>La muerte del hombre mexicano es al menos el tercer deceso de un migrante bajo custodia de las autoridades estadunidenses desde diciembre, y podr\u00eda arrojar nuevos cuestionamientos acerca de la atenci\u00f3n que brinda la Patrulla Fronteriza\u00a0 y si las autoridades est\u00e1n preparadas para lidiar con tales emergencias.<\/p>\n","protected":false},"excerpt":{"rendered":"<p>Un migrante mexicano detenido por la Patrulla Fronteriza por reingresar ilegalmente a Estados Unidos falleci\u00f3 el lunes en un hospital de Texas. El hombre de 45 a\u00f1os fue aprehendido el 2 de febrero y solicit\u00f3 atenci\u00f3n m\u00e9dica, dijo Andrew Meehan, portavoz de la Oficina de Aduanas y Protecci\u00f3n Fronteriza. Fue trasladado a un centro m\u00e9dico [&hellip;]<\/p>\n","protected":false},"author":2,"featured_media":371675,"comment_status":"closed","ping_status":"closed","sticky":false,"template":"","format":"standard","meta":{"footnotes":""},"categories":[4],"tags":[],"class_list":["post-371715","post","type-post","status-publish","format-standard","has-post-thumbnail","hentry","category-mundo"],"_links":{"self":[{"href":"https:\/\/diarioavancetabasco.com\/index.php?rest_route=\/wp\/v2\/posts\/371715","targetHints":{"allow":["GET"]}}],"collection":[{"href":"https:\/\/diarioavancetabasco.com\/index.php?rest_route=\/wp\/v2\/posts"}],"about":[{"href":"https:\/\/diarioavancetabasco.com\/index.php?rest_route=\/wp\/v2\/types\/post"}],"author":[{"embeddable":true,"href":"https:\/\/diarioavancetabasco.com\/index.php?rest_route=\/wp\/v2\/users\/2"}],"replies":[{"embeddable":true,"href":"https:\/\/diarioavancetabasco.com\/index.php?rest_route=%2Fwp%2Fv2%2Fcomments&post=371715"}],"version-history":[{"count":1,"href":"https:\/\/diarioavancetabasco.com\/index.php?rest_route=\/wp\/v2\/posts\/371715\/revisions"}],"predecessor-version":[{"id":371716,"href":"https:\/\/diarioavancetabasco.com\/index.php?rest_route=\/wp\/v2\/posts\/371715\/revisions\/371716"}],"wp:featuredmedia":[{"embeddable":true,"href":"https:\/\/diarioavancetabasco.com\/index.php?rest_route=\/wp\/v2\/media\/371675"}],"wp:attachment":[{"href":"https:\/\/diarioavancetabasco.com\/index.php?rest_route=%2Fwp%2Fv2%2Fmedia&parent=371715"}],"wp:term":[{"taxonomy":"category","embeddable":true,"href":"https:\/\/diarioavancetabasco.com\/index.php?rest_route=%2Fwp%2Fv2%2Fcategories&post=371715"},{"taxonomy":"post_tag","embeddable":true,"href":"https:\/\/diarioavancetabasco.com\/index.php?rest_route=%2Fwp%2Fv2%2Ftags&post=371715"}],"curies":[{"name":"wp","href":"https:\/\/api.w.org\/{rel}","templated":true}]}}