{"id":371760,"date":"2019-02-20T21:34:07","date_gmt":"2019-02-21T03:34:07","guid":{"rendered":"http:\/\/diarioavancetabasco.com\/?p=371760"},"modified":"2019-02-20T21:34:07","modified_gmt":"2019-02-21T03:34:07","slug":"guaido-pide-redoblar-presion-sobre-militares","status":"publish","type":"post","link":"https:\/\/diarioavancetabasco.com\/?p=371760","title":{"rendered":"Guaid\u00f3 pide redoblar presi\u00f3n sobre militares"},"content":{"rendered":"<style type=\"text\/css\"><!--\np.p1 {margin: 0.0px 0.0px 0.0px 0.0px; text-align: justify; line-height: 10.0px; font: 52.0px Whitman}\np.p2 {margin: 0.0px 0.0px 0.0px 0.0px; text-align: justify; line-height: 10.0px; font: 10.0px Whitman}\np.p3 {margin: 0.0px 0.0px 0.0px 0.0px; text-align: justify; text-indent: 6.0px; line-height: 10.0px; font: 10.0px Whitman}\nspan.s1 {letter-spacing: -0.2px}\nspan.s2 {letter-spacing: -0.1px}\n--><\/style>\n<p>El jefe del Parlamento de Venezuela, Juan Guaid\u00f3, quien se proclam\u00f3 presidente encargado, dijo este mi\u00e9rcoles que los opositores acudir\u00e1n el pr\u00f3ximo s\u00e1bado a los cuarteles militares para exigir a los soldados que permitan el ingreso de la ayuda humanitaria que se almacena en las fronteras del pa\u00eds.<\/p>\n<p>Guaid\u00f3 no adelant\u00f3 si viajar\u00e1 el s\u00e1bado a alguno de los puntos de frontera por donde la oposici\u00f3n pretende ingresar la ayuda, pero asever\u00f3 que estar\u00e1 \u201cen la calle\u201d.<\/p>\n<p>La oposici\u00f3n venezolana asegura que el pa\u00eds atraviesa una \u201cemergencia humanitaria compleja\u201d, y ha pedido donaciones a la comunidad internacional que prev\u00e9 ingresar este s\u00e1bado pese a la negativa del Gobierno de Nicol\u00e1s Maduro, que las rechaza. Adem\u00e1s, revel\u00f3 que la oposici\u00f3n intentar\u00e1 ingresar la ayuda \u201cpor tierra y por mar\u201d, esta \u00faltima v\u00eda a trav\u00e9s de Puerto Cabello, en el c\u00e9ntrico estado de Carabobo.<\/p>\n<p>Guaid\u00f3 estableci\u00f3 como una prioridad el ingreso de la ayuda para paliar la crisis que sufre el pa\u00eds, y ha dicho que estas ingresar\u00e1n \u201cs\u00ed o s\u00ed\u201d el pr\u00f3ximo d\u00eda 23.<\/p>\n","protected":false},"excerpt":{"rendered":"<p>El jefe del Parlamento de Venezuela, Juan Guaid\u00f3, quien se proclam\u00f3 presidente encargado, dijo este mi\u00e9rcoles que los opositores acudir\u00e1n el pr\u00f3ximo s\u00e1bado a los cuarteles militares para exigir a los soldados que permitan el ingreso de la ayuda humanitaria que se almacena en las fronteras del pa\u00eds. Guaid\u00f3 no adelant\u00f3 si viajar\u00e1 el s\u00e1bado [&hellip;]<\/p>\n","protected":false},"author":2,"featured_media":371765,"comment_status":"closed","ping_status":"closed","sticky":false,"template":"","format":"standard","meta":{"footnotes":""},"categories":[4],"tags":[],"class_list":["post-371760","post","type-post","status-publish","format-standard","has-post-thumbnail","hentry","category-mundo"],"_links":{"self":[{"href":"https:\/\/diarioavancetabasco.com\/index.php?rest_route=\/wp\/v2\/posts\/371760","targetHints":{"allow":["GET"]}}],"collection":[{"href":"https:\/\/diarioavancetabasco.com\/index.php?rest_route=\/wp\/v2\/posts"}],"about":[{"href":"https:\/\/diarioavancetabasco.com\/index.php?rest_route=\/wp\/v2\/types\/post"}],"author":[{"embeddable":true,"href":"https:\/\/diarioavancetabasco.com\/index.php?rest_route=\/wp\/v2\/users\/2"}],"replies":[{"embeddable":true,"href":"https:\/\/diarioavancetabasco.com\/index.php?rest_route=%2Fwp%2Fv2%2Fcomments&post=371760"}],"version-history":[{"count":1,"href":"https:\/\/diarioavancetabasco.com\/index.php?rest_route=\/wp\/v2\/posts\/371760\/revisions"}],"predecessor-version":[{"id":371777,"href":"https:\/\/diarioavancetabasco.com\/index.php?rest_route=\/wp\/v2\/posts\/371760\/revisions\/371777"}],"wp:featuredmedia":[{"embeddable":true,"href":"https:\/\/diarioavancetabasco.com\/index.php?rest_route=\/wp\/v2\/media\/371765"}],"wp:attachment":[{"href":"https:\/\/diarioavancetabasco.com\/index.php?rest_route=%2Fwp%2Fv2%2Fmedia&parent=371760"}],"wp:term":[{"taxonomy":"category","embeddable":true,"href":"https:\/\/diarioavancetabasco.com\/index.php?rest_route=%2Fwp%2Fv2%2Fcategories&post=371760"},{"taxonomy":"post_tag","embeddable":true,"href":"https:\/\/diarioavancetabasco.com\/index.php?rest_route=%2Fwp%2Fv2%2Ftags&post=371760"}],"curies":[{"name":"wp","href":"https:\/\/api.w.org\/{rel}","templated":true}]}}