{"id":371872,"date":"2019-02-22T00:34:28","date_gmt":"2019-02-22T06:34:28","guid":{"rendered":"http:\/\/diarioavancetabasco.com\/?p=371872"},"modified":"2019-02-22T00:34:59","modified_gmt":"2019-02-22T06:34:59","slug":"avala-senado-la-guardia-nacional","status":"publish","type":"post","link":"https:\/\/diarioavancetabasco.com\/?p=371872","title":{"rendered":"Avala Senado la  Guardia Nacional"},"content":{"rendered":"<p><!--\np.p1 {margin: 0.0px 0.0px 0.0px 0.0px; text-align: justify; line-height: 10.0px; font: 52.0px Whitman}\np.p2 {margin: 0.0px 0.0px 0.0px 0.0px; text-align: justify; line-height: 10.0px; font: 10.0px Whitman}\np.p3 {margin: 0.0px 0.0px 0.0px 0.0px; text-align: justify; text-indent: 6.0px; line-height: 10.0px; font: 10.0px Whitman}\nspan.s1 {letter-spacing: -0.2px}\n-->Entre aplausos de los senadores de todas las bancadas, este jueves se discuti\u00f3 y aprob\u00f3 por unanimidad la creaci\u00f3n de la Guardia Nacional, dejando atr\u00e1s el temor de la militarizaci\u00f3n de M\u00e9xico con dicho cuerpo de seguridad p\u00fablica.<\/p>\n<p>La reforma constitucional fue avalada con el voto a favor de los 127 senadores presentes, consenso que fue logrado apenas horas antes de la votaci\u00f3n debido a que Morena cedi\u00f3 ante el bloque conformado por la oposici\u00f3n para lograr decenas de cambios al dictamen aprobado en comisiones, entre ellos dejar claro que el mando de la Guardia Nacional ser\u00e1 civil y no militar, y que las Fuerzas Armadas regresen a los cuarteles en un m\u00e1ximo de cinco a\u00f1os.<\/p>\n<p>Con esta propuesta tendremos un \u00f3rgano que garantice irrestrictamente la seguridad interior con profundo respeto a los derechos humanos a los derechos humanos. La Guardia Nacional con car\u00e1cter civil que se propone en el dictamen que hoy discutimos nos da esas garant\u00edas, y significa la oportunidad para finalmente las Fuerzas Armadas dejen gradualmente de realizar las tareas de apoyo a la seguridad p\u00fablica y regresen a sus cuarteles y a sus bases mar\u00edtimas\u201d, dijo Eduardo Ram\u00edrez, presidente de la Comisi\u00f3n de Estudios Legislativos Segunda.<\/p>\n<p>Debido al apoyo que la Guardia Nacional concentr\u00f3 entre las fuerzas pol\u00edticas del Senado, el debate y votaci\u00f3n de la reforma dur\u00f3 apenas tres horas en el Pleno, m\u00e1s corta en comparaci\u00f3n de otras reformas constitucionales. Incluso, las modificaciones al dictamen que se hicieron el pasado mi\u00e9rcoles producto de una negociaci\u00f3n entre el gobierno federal y los senadores no fueron votadas por separado, por lo que se hizo una sola votaci\u00f3n en lo general y en lo particular.<\/p>\n","protected":false},"excerpt":{"rendered":"<p>Entre aplausos de los senadores de todas las bancadas, este jueves se discuti\u00f3 y aprob\u00f3 por unanimidad la creaci\u00f3n de la Guardia Nacional, dejando atr\u00e1s el temor de la militarizaci\u00f3n de M\u00e9xico con dicho cuerpo de seguridad p\u00fablica. La reforma constitucional fue avalada con el voto a favor de los 127 senadores presentes, consenso que [&hellip;]<\/p>\n","protected":false},"author":2,"featured_media":371868,"comment_status":"closed","ping_status":"closed","sticky":false,"template":"","format":"standard","meta":{"footnotes":""},"categories":[3],"tags":[],"class_list":["post-371872","post","type-post","status-publish","format-standard","has-post-thumbnail","hentry","category-nacional"],"_links":{"self":[{"href":"https:\/\/diarioavancetabasco.com\/index.php?rest_route=\/wp\/v2\/posts\/371872","targetHints":{"allow":["GET"]}}],"collection":[{"href":"https:\/\/diarioavancetabasco.com\/index.php?rest_route=\/wp\/v2\/posts"}],"about":[{"href":"https:\/\/diarioavancetabasco.com\/index.php?rest_route=\/wp\/v2\/types\/post"}],"author":[{"embeddable":true,"href":"https:\/\/diarioavancetabasco.com\/index.php?rest_route=\/wp\/v2\/users\/2"}],"replies":[{"embeddable":true,"href":"https:\/\/diarioavancetabasco.com\/index.php?rest_route=%2Fwp%2Fv2%2Fcomments&post=371872"}],"version-history":[{"count":2,"href":"https:\/\/diarioavancetabasco.com\/index.php?rest_route=\/wp\/v2\/posts\/371872\/revisions"}],"predecessor-version":[{"id":371914,"href":"https:\/\/diarioavancetabasco.com\/index.php?rest_route=\/wp\/v2\/posts\/371872\/revisions\/371914"}],"wp:featuredmedia":[{"embeddable":true,"href":"https:\/\/diarioavancetabasco.com\/index.php?rest_route=\/wp\/v2\/media\/371868"}],"wp:attachment":[{"href":"https:\/\/diarioavancetabasco.com\/index.php?rest_route=%2Fwp%2Fv2%2Fmedia&parent=371872"}],"wp:term":[{"taxonomy":"category","embeddable":true,"href":"https:\/\/diarioavancetabasco.com\/index.php?rest_route=%2Fwp%2Fv2%2Fcategories&post=371872"},{"taxonomy":"post_tag","embeddable":true,"href":"https:\/\/diarioavancetabasco.com\/index.php?rest_route=%2Fwp%2Fv2%2Ftags&post=371872"}],"curies":[{"name":"wp","href":"https:\/\/api.w.org\/{rel}","templated":true}]}}