{"id":371951,"date":"2019-02-22T21:50:53","date_gmt":"2019-02-23T03:50:53","guid":{"rendered":"http:\/\/diarioavancetabasco.com\/?p=371951"},"modified":"2019-02-22T21:50:53","modified_gmt":"2019-02-23T03:50:53","slug":"corea-del-norte-sufre-escases-de-alimentos","status":"publish","type":"post","link":"https:\/\/diarioavancetabasco.com\/?p=371951","title":{"rendered":"Corea del Norte sufre escases de alimentos"},"content":{"rendered":"<style type=\"text\/css\"><!--\np.p1 {margin: 0.0px 0.0px 0.0px 0.0px; text-align: justify; line-height: 10.0px; font: 10.0px Whitman}\np.p2 {margin: 0.0px 0.0px 0.0px 0.0px; text-align: justify; text-indent: 6.0px; line-height: 10.0px; font: 10.0px Whitman}\nspan.s1 {letter-spacing: -0.1px}\n--><\/style>\n<p>El Gobierno de Corea del Norte ha pedido ayuda a Naciones Unidas y otras organizaciones humanitarias ante la falta de comida en el pa\u00eds, inform\u00f3 la ONU.<\/p>\n<p>\u201cEl Gobierno ha solicitado asistencia de las organizaciones humanitarias internacionales presentes en el pa\u00eds para responder al impacto de la situaci\u00f3n de seguridad alimentaria\u201d, explic\u00f3 el portavoz St\u00e9phane Dujarric.<\/p>\n<p>La ONU, apunt\u00f3, est\u00e1 en contacto con las autoridades norcoreanas para analizar el impacto que esa falta de comida puede tener en la poblaci\u00f3n m\u00e1s vulnerable y actuar de forma temprana para cubrir necesidades humanitarias.<\/p>\n<p>Dujarric dijo que, seg\u00fan cifras comunicadas por Pyonyang, se espera que para 2019 el pa\u00eds tenga una carencia de unas 1.4 millones de toneladas de alimentos b\u00e1sicos como trigo, arroz, papas y soja.<\/p>\n","protected":false},"excerpt":{"rendered":"<p>El Gobierno de Corea del Norte ha pedido ayuda a Naciones Unidas y otras organizaciones humanitarias ante la falta de comida en el pa\u00eds, inform\u00f3 la ONU. \u201cEl Gobierno ha solicitado asistencia de las organizaciones humanitarias internacionales presentes en el pa\u00eds para responder al impacto de la situaci\u00f3n de seguridad alimentaria\u201d, explic\u00f3 el portavoz St\u00e9phane [&hellip;]<\/p>\n","protected":false},"author":2,"featured_media":371939,"comment_status":"closed","ping_status":"closed","sticky":false,"template":"","format":"standard","meta":{"footnotes":""},"categories":[4],"tags":[],"class_list":["post-371951","post","type-post","status-publish","format-standard","has-post-thumbnail","hentry","category-mundo"],"_links":{"self":[{"href":"https:\/\/diarioavancetabasco.com\/index.php?rest_route=\/wp\/v2\/posts\/371951","targetHints":{"allow":["GET"]}}],"collection":[{"href":"https:\/\/diarioavancetabasco.com\/index.php?rest_route=\/wp\/v2\/posts"}],"about":[{"href":"https:\/\/diarioavancetabasco.com\/index.php?rest_route=\/wp\/v2\/types\/post"}],"author":[{"embeddable":true,"href":"https:\/\/diarioavancetabasco.com\/index.php?rest_route=\/wp\/v2\/users\/2"}],"replies":[{"embeddable":true,"href":"https:\/\/diarioavancetabasco.com\/index.php?rest_route=%2Fwp%2Fv2%2Fcomments&post=371951"}],"version-history":[{"count":1,"href":"https:\/\/diarioavancetabasco.com\/index.php?rest_route=\/wp\/v2\/posts\/371951\/revisions"}],"predecessor-version":[{"id":371952,"href":"https:\/\/diarioavancetabasco.com\/index.php?rest_route=\/wp\/v2\/posts\/371951\/revisions\/371952"}],"wp:featuredmedia":[{"embeddable":true,"href":"https:\/\/diarioavancetabasco.com\/index.php?rest_route=\/wp\/v2\/media\/371939"}],"wp:attachment":[{"href":"https:\/\/diarioavancetabasco.com\/index.php?rest_route=%2Fwp%2Fv2%2Fmedia&parent=371951"}],"wp:term":[{"taxonomy":"category","embeddable":true,"href":"https:\/\/diarioavancetabasco.com\/index.php?rest_route=%2Fwp%2Fv2%2Fcategories&post=371951"},{"taxonomy":"post_tag","embeddable":true,"href":"https:\/\/diarioavancetabasco.com\/index.php?rest_route=%2Fwp%2Fv2%2Ftags&post=371951"}],"curies":[{"name":"wp","href":"https:\/\/api.w.org\/{rel}","templated":true}]}}