{"id":371953,"date":"2019-02-23T00:51:00","date_gmt":"2019-02-23T06:51:00","guid":{"rendered":"http:\/\/diarioavancetabasco.com\/?p=371953"},"modified":"2019-02-23T00:51:12","modified_gmt":"2019-02-23T06:51:12","slug":"democracia-asignatura-pendiente-lopez-obrador","status":"publish","type":"post","link":"https:\/\/diarioavancetabasco.com\/?p=371953","title":{"rendered":"Democracia, asignatura pendiente: L\u00f3pez Obrador"},"content":{"rendered":"<p><!--\np.p1 {margin: 0.0px 0.0px 0.0px 0.0px; text-align: justify; line-height: 10.0px; font: 52.0px Whitman}\np.p2 {margin: 0.0px 0.0px 0.0px 0.0px; text-align: justify; line-height: 10.0px; font: 10.0px Whitman}\np.p3 {margin: 0.0px 0.0px 0.0px 0.0px; text-align: justify; text-indent: 6.0px; line-height: 10.0px; font: 10.0px Whitman}\nspan.s1 {letter-spacing: -0.2px}\nspan.s2 {letter-spacing: -0.1px}\n-->En este sexenio se establecer\u00e1 la democracia como sistema de gobierno y como forma de vida, afirm\u00f3 el presidente Andr\u00e9s Manuel L\u00f3pez Obrador.<\/p>\n<p>Al encabezar la ceremonia por el 106 aniversario luctuoso de Francisco I. Madero, el mandatario destac\u00f3 que la democracia contin\u00faa siendo un pendiente en el pa\u00eds, en el cual no se avanza desde Madero.<\/p>\n<p>\u201cAvanzamos con la Revoluci\u00f3n, sin duda, en el terreno econ\u00f3mico, en el terreno social, pero no avanzamos en el campo de la democracia. Esa es una asignatura pendiente, desde Madero. Por eso recordarlo ahora es hacer el compromiso de que vamos a hacer valer la democracia en el pa\u00eds\u201d, dijo.<\/p>\n<p>En el Patio de Honor del Palacio Nacional record\u00f3 que un d\u00eda como hoy Francisco I. Madero estuvo preso y que tras su asesinato se desat\u00f3 la Revoluci\u00f3n Mexicana, etapa de la historia que calific\u00f3 como \u201cla fase m\u00e1s violenta, m\u00e1s cruenta del movimiento armado\u201d.<\/p>\n<p>Acompa\u00f1ado de su esposa y titular del Consejo Honorario de la Coordinaci\u00f3n Nacional de Memoria Hist\u00f3rica y Cultural de M\u00e9xico, Beatriz Guti\u00e9rrez M\u00fcller, L\u00f3pez Obrador coment\u00f3 que de este proceso hist\u00f3rico lo m\u00e1s importante es que \u201cse busque siempre el que haya democracia en nuestro pa\u00eds y que se aleje para siempre la amenaza de un golpe de Estado\u201d.<\/p>\n<p>\u201cMe da mucho gusto poder recordar esta fecha hist\u00f3rica, con el compromiso que en este sexenio va a quedar establecida la democracia como sistema de gobierno y como forma de vida\u201d, subray\u00f3.<\/p>\n","protected":false},"excerpt":{"rendered":"<p>En este sexenio se establecer\u00e1 la democracia como sistema de gobierno y como forma de vida, afirm\u00f3 el presidente Andr\u00e9s Manuel L\u00f3pez Obrador. Al encabezar la ceremonia por el 106 aniversario luctuoso de Francisco I. Madero, el mandatario destac\u00f3 que la democracia contin\u00faa siendo un pendiente en el pa\u00eds, en el cual no se avanza [&hellip;]<\/p>\n","protected":false},"author":2,"featured_media":371930,"comment_status":"closed","ping_status":"closed","sticky":false,"template":"","format":"standard","meta":{"footnotes":""},"categories":[3],"tags":[],"class_list":["post-371953","post","type-post","status-publish","format-standard","has-post-thumbnail","hentry","category-nacional"],"_links":{"self":[{"href":"https:\/\/diarioavancetabasco.com\/index.php?rest_route=\/wp\/v2\/posts\/371953","targetHints":{"allow":["GET"]}}],"collection":[{"href":"https:\/\/diarioavancetabasco.com\/index.php?rest_route=\/wp\/v2\/posts"}],"about":[{"href":"https:\/\/diarioavancetabasco.com\/index.php?rest_route=\/wp\/v2\/types\/post"}],"author":[{"embeddable":true,"href":"https:\/\/diarioavancetabasco.com\/index.php?rest_route=\/wp\/v2\/users\/2"}],"replies":[{"embeddable":true,"href":"https:\/\/diarioavancetabasco.com\/index.php?rest_route=%2Fwp%2Fv2%2Fcomments&post=371953"}],"version-history":[{"count":2,"href":"https:\/\/diarioavancetabasco.com\/index.php?rest_route=\/wp\/v2\/posts\/371953\/revisions"}],"predecessor-version":[{"id":372014,"href":"https:\/\/diarioavancetabasco.com\/index.php?rest_route=\/wp\/v2\/posts\/371953\/revisions\/372014"}],"wp:featuredmedia":[{"embeddable":true,"href":"https:\/\/diarioavancetabasco.com\/index.php?rest_route=\/wp\/v2\/media\/371930"}],"wp:attachment":[{"href":"https:\/\/diarioavancetabasco.com\/index.php?rest_route=%2Fwp%2Fv2%2Fmedia&parent=371953"}],"wp:term":[{"taxonomy":"category","embeddable":true,"href":"https:\/\/diarioavancetabasco.com\/index.php?rest_route=%2Fwp%2Fv2%2Fcategories&post=371953"},{"taxonomy":"post_tag","embeddable":true,"href":"https:\/\/diarioavancetabasco.com\/index.php?rest_route=%2Fwp%2Fv2%2Ftags&post=371953"}],"curies":[{"name":"wp","href":"https:\/\/api.w.org\/{rel}","templated":true}]}}