{"id":371956,"date":"2019-02-23T00:55:05","date_gmt":"2019-02-23T06:55:05","guid":{"rendered":"http:\/\/diarioavancetabasco.com\/?p=371956"},"modified":"2019-02-23T00:55:19","modified_gmt":"2019-02-23T06:55:19","slug":"iniciativa-no-impide-mando-militar-de-guardia-nacional","status":"publish","type":"post","link":"https:\/\/diarioavancetabasco.com\/?p=371956","title":{"rendered":"Iniciativa no impide mando  militar de Guardia Nacional"},"content":{"rendered":"<p><!--\np.p1 {margin: 0.0px 0.0px 0.0px 0.0px; text-align: justify; line-height: 10.0px; font: 10.0px Whitman}\np.p2 {margin: 0.0px 0.0px 0.0px 0.0px; text-align: justify; text-indent: 6.0px; line-height: 10.0px; font: 10.0px Whitman}\nspan.s1 {letter-spacing: -0.2px}\n-->La iniciativa para la creaci\u00f3n de la Guardia Nacional no impide que el mando de este cuerpo armado sea militar, indic\u00f3 Alfonso Durazo Monta\u00f1o, secretario de Seguridad y Protecci\u00f3n Ciudadana (SSPC).<\/p>\n<p>Entrevistado al t\u00e9rmino de la ceremonia por el 106 aniversario luctuoso de Francisco I. Madero, el funcionario explic\u00f3 que la iniciativa aprobada en el Senado establece que la ley secundaria, que regular\u00e1 a este organismo, definir\u00e1 el proceso para designar al titular de la Guardia Nacional.<\/p>\n<p>\u201cEn la ley correspondiente se definir\u00e1 el proceso para la designaci\u00f3n y las caracter\u00edsticas del titular, pero tambi\u00e9n en la reforma se establece que ser\u00e1 facultad del Presidente designar al titular de la Guardia Nacional y no impone en esta aprobaci\u00f3n ninguna condici\u00f3n\u201d, dijo.<\/p>\n","protected":false},"excerpt":{"rendered":"<p>La iniciativa para la creaci\u00f3n de la Guardia Nacional no impide que el mando de este cuerpo armado sea militar, indic\u00f3 Alfonso Durazo Monta\u00f1o, secretario de Seguridad y Protecci\u00f3n Ciudadana (SSPC). Entrevistado al t\u00e9rmino de la ceremonia por el 106 aniversario luctuoso de Francisco I. Madero, el funcionario explic\u00f3 que la iniciativa aprobada en el [&hellip;]<\/p>\n","protected":false},"author":2,"featured_media":371931,"comment_status":"closed","ping_status":"closed","sticky":false,"template":"","format":"standard","meta":{"footnotes":""},"categories":[3],"tags":[],"class_list":["post-371956","post","type-post","status-publish","format-standard","has-post-thumbnail","hentry","category-nacional"],"_links":{"self":[{"href":"https:\/\/diarioavancetabasco.com\/index.php?rest_route=\/wp\/v2\/posts\/371956","targetHints":{"allow":["GET"]}}],"collection":[{"href":"https:\/\/diarioavancetabasco.com\/index.php?rest_route=\/wp\/v2\/posts"}],"about":[{"href":"https:\/\/diarioavancetabasco.com\/index.php?rest_route=\/wp\/v2\/types\/post"}],"author":[{"embeddable":true,"href":"https:\/\/diarioavancetabasco.com\/index.php?rest_route=\/wp\/v2\/users\/2"}],"replies":[{"embeddable":true,"href":"https:\/\/diarioavancetabasco.com\/index.php?rest_route=%2Fwp%2Fv2%2Fcomments&post=371956"}],"version-history":[{"count":2,"href":"https:\/\/diarioavancetabasco.com\/index.php?rest_route=\/wp\/v2\/posts\/371956\/revisions"}],"predecessor-version":[{"id":372015,"href":"https:\/\/diarioavancetabasco.com\/index.php?rest_route=\/wp\/v2\/posts\/371956\/revisions\/372015"}],"wp:featuredmedia":[{"embeddable":true,"href":"https:\/\/diarioavancetabasco.com\/index.php?rest_route=\/wp\/v2\/media\/371931"}],"wp:attachment":[{"href":"https:\/\/diarioavancetabasco.com\/index.php?rest_route=%2Fwp%2Fv2%2Fmedia&parent=371956"}],"wp:term":[{"taxonomy":"category","embeddable":true,"href":"https:\/\/diarioavancetabasco.com\/index.php?rest_route=%2Fwp%2Fv2%2Fcategories&post=371956"},{"taxonomy":"post_tag","embeddable":true,"href":"https:\/\/diarioavancetabasco.com\/index.php?rest_route=%2Fwp%2Fv2%2Ftags&post=371956"}],"curies":[{"name":"wp","href":"https:\/\/api.w.org\/{rel}","templated":true}]}}