{"id":371988,"date":"2019-02-23T00:40:42","date_gmt":"2019-02-23T06:40:42","guid":{"rendered":"http:\/\/diarioavancetabasco.com\/?p=371988"},"modified":"2019-02-23T00:40:45","modified_gmt":"2019-02-23T06:40:45","slug":"porto-super-lider","status":"publish","type":"post","link":"https:\/\/diarioavancetabasco.com\/?p=371988","title":{"rendered":"\u00a1Porto s\u00faper  l\u00edder!"},"content":{"rendered":"<p><!--\np.p1 {margin: 0.0px 0.0px 0.0px 0.0px; text-align: justify; line-height: 10.0px; font: 52.0px Whitman}\np.p2 {margin: 0.0px 0.0px 0.0px 0.0px; text-align: justify; line-height: 10.0px; font: 10.0px Whitman}\np.p3 {margin: 0.0px 0.0px 0.0px 0.0px; text-align: justify; text-indent: 6.0px; line-height: 10.0px; font: 10.0px Whitman}\nspan.s1 {letter-spacing: -0.2px}\n-->Porto\u00a0no tuvo mayor problema para hacerse del triunfo en su visita al\u00a0Tondela, los derrot\u00f3 por marcador de 3-0, gol de\u00a0H\u00e9ctor Herrera\u00a0incluido, en la jornada 23 de la\u00a0Primeira Liga de Portugal, con lo que se mantienen en la cima.<\/p>\n<p>H\u00e9ctor Herrera y Jes\u00fas Manuel Corona fueron titulares en el cuadro que mand\u00f3 Sergio Conceicao, el \u2018Tecatito\u2019 marc\u00f3 diferencia en el frente del equipo blanquiazul y complet\u00f3 el partido, mientras que Herrera sali\u00f3 al 75\u2019 despu\u00e9s de marcar el tercer gol. Como se esperaba, los Dragones se fueron al frente con todo, mostrando superioridad y r\u00e1pidamente encontr\u00f3 el arco rival para abrir el marcador. Al minuto 11, una serie de rebotes dentro del \u00e1rea favoreci\u00f3 al Porto, el bal\u00f3n lleg\u00f3 a los pies de Pepe, quien, con un disparo suave, pero bien esquinado se col\u00f3 al arco defendido por Cl\u00e1udio Ramos. Los visitantes siguieron intentando, siendo Jes\u00fas Manuel Corona el jugador m\u00e1s activo sobre el terreno de juego, pero no pudieron ampliar el marcador. Un golazo<\/p>\n<p>El que s\u00ed pudo ampliar la ventaja fue Oliver Torres, el camiseta 10 le peg\u00f3 de aire desde fuera del \u00e1rea con un derechazo impresionante para que el bal\u00f3n pegara en el poste y acariciara las redes, era el 52\u2019.<\/p>\n","protected":false},"excerpt":{"rendered":"<p>Porto\u00a0no tuvo mayor problema para hacerse del triunfo en su visita al\u00a0Tondela, los derrot\u00f3 por marcador de 3-0, gol de\u00a0H\u00e9ctor Herrera\u00a0incluido, en la jornada 23 de la\u00a0Primeira Liga de Portugal, con lo que se mantienen en la cima. H\u00e9ctor Herrera y Jes\u00fas Manuel Corona fueron titulares en el cuadro que mand\u00f3 Sergio Conceicao, el \u2018Tecatito\u2019 [&hellip;]<\/p>\n","protected":false},"author":2,"featured_media":371940,"comment_status":"closed","ping_status":"closed","sticky":false,"template":"","format":"standard","meta":{"footnotes":""},"categories":[9],"tags":[],"class_list":["post-371988","post","type-post","status-publish","format-standard","has-post-thumbnail","hentry","category-politica"],"_links":{"self":[{"href":"https:\/\/diarioavancetabasco.com\/index.php?rest_route=\/wp\/v2\/posts\/371988","targetHints":{"allow":["GET"]}}],"collection":[{"href":"https:\/\/diarioavancetabasco.com\/index.php?rest_route=\/wp\/v2\/posts"}],"about":[{"href":"https:\/\/diarioavancetabasco.com\/index.php?rest_route=\/wp\/v2\/types\/post"}],"author":[{"embeddable":true,"href":"https:\/\/diarioavancetabasco.com\/index.php?rest_route=\/wp\/v2\/users\/2"}],"replies":[{"embeddable":true,"href":"https:\/\/diarioavancetabasco.com\/index.php?rest_route=%2Fwp%2Fv2%2Fcomments&post=371988"}],"version-history":[{"count":2,"href":"https:\/\/diarioavancetabasco.com\/index.php?rest_route=\/wp\/v2\/posts\/371988\/revisions"}],"predecessor-version":[{"id":372009,"href":"https:\/\/diarioavancetabasco.com\/index.php?rest_route=\/wp\/v2\/posts\/371988\/revisions\/372009"}],"wp:featuredmedia":[{"embeddable":true,"href":"https:\/\/diarioavancetabasco.com\/index.php?rest_route=\/wp\/v2\/media\/371940"}],"wp:attachment":[{"href":"https:\/\/diarioavancetabasco.com\/index.php?rest_route=%2Fwp%2Fv2%2Fmedia&parent=371988"}],"wp:term":[{"taxonomy":"category","embeddable":true,"href":"https:\/\/diarioavancetabasco.com\/index.php?rest_route=%2Fwp%2Fv2%2Fcategories&post=371988"},{"taxonomy":"post_tag","embeddable":true,"href":"https:\/\/diarioavancetabasco.com\/index.php?rest_route=%2Fwp%2Fv2%2Ftags&post=371988"}],"curies":[{"name":"wp","href":"https:\/\/api.w.org\/{rel}","templated":true}]}}