{"id":372059,"date":"2019-02-25T00:21:31","date_gmt":"2019-02-25T06:21:31","guid":{"rendered":"http:\/\/diarioavancetabasco.com\/?p=372059"},"modified":"2019-02-25T00:21:32","modified_gmt":"2019-02-25T06:21:32","slug":"madonna-y-maluma-hacen-mancuerna","status":"publish","type":"post","link":"https:\/\/diarioavancetabasco.com\/?p=372059","title":{"rendered":"Madonna y Maluma  hacen mancuerna"},"content":{"rendered":"<p><!--\np.p1 {margin: 0.0px 0.0px 0.0px 0.0px; line-height: 70.0px; font: 74.5px 'AmplitudeCond Light'}\nspan.s1 {letter-spacing: -3.5px}\n--><!--\np.p1 {margin: 0.0px 0.0px 0.0px 0.0px; text-align: justify; line-height: 10.0px; font: 52.0px Whitman}\np.p2 {margin: 0.0px 0.0px 0.0px 0.0px; text-align: justify; line-height: 10.0px; font: 10.0px Whitman}\np.p3 {margin: 0.0px 0.0px 0.0px 0.0px; text-align: justify; text-indent: 6.0px; line-height: 10.0px; font: 10.0px Whitman}\nspan.s1 {letter-spacing: -0.2px}\nspan.s2 {letter-spacing: -0.1px}\n-->Si Yanet Jackson lo hizo con Daddy Yankee, \u00bfporqu\u00e9 la \u201cReina del Pop\u201d no?\u00a0La cantante estadounidense\u00a0Madonna\u00a0y el artista colombiano\u00a0Maluma\u00a0confirmaron a trav\u00e9s de Instagram que han realizado una colaboraci\u00f3n juntos, que podr\u00e1 escucharse en el pr\u00f3ximo disco de la \u201creina del pop\u201d programado para junio pr\u00f3ximo.<\/p>\n<p>Seg\u00fan medios internacionales, el encuentro entre\u00a0Madonna\u00a0y\u00a0Maluma, se realiz\u00f3 hace algunas semanas en Los \u00c1ngeles, California\u00a0aunque no se detall\u00f3 c\u00f3mo se titular\u00e1 esta colaboraci\u00f3n ni qu\u00e9 ritmo tendr\u00e1.<\/p>\n<p>\u201cCocinando algo de fuego aqu\u00ed\u201d, escribi\u00f3\u00a0Madonna\u00a0acompa\u00f1ando a dos fotograf\u00edas junto al reguetonero\u00a0Maluma.<\/p>\n<p>Por su parte, el colombiano\u00a0Maluma\u00a0escribi\u00f3 tambi\u00e9n en Instagram: \u201cMA DU MA\u201d y \u201cMs. Crazy &amp; Mr. Safe\u201d, sin dar pistas de la canci\u00f3n.<\/p>\n","protected":false},"excerpt":{"rendered":"<p>Si Yanet Jackson lo hizo con Daddy Yankee, \u00bfporqu\u00e9 la \u201cReina del Pop\u201d no?\u00a0La cantante estadounidense\u00a0Madonna\u00a0y el artista colombiano\u00a0Maluma\u00a0confirmaron a trav\u00e9s de Instagram que han realizado una colaboraci\u00f3n juntos, que podr\u00e1 escucharse en el pr\u00f3ximo disco de la \u201creina del pop\u201d programado para junio pr\u00f3ximo. Seg\u00fan medios internacionales, el encuentro entre\u00a0Madonna\u00a0y\u00a0Maluma, se realiz\u00f3 hace algunas [&hellip;]<\/p>\n","protected":false},"author":2,"featured_media":372035,"comment_status":"closed","ping_status":"closed","sticky":false,"template":"","format":"standard","meta":{"footnotes":""},"categories":[11],"tags":[],"class_list":["post-372059","post","type-post","status-publish","format-standard","has-post-thumbnail","hentry","category-espectaculos"],"_links":{"self":[{"href":"https:\/\/diarioavancetabasco.com\/index.php?rest_route=\/wp\/v2\/posts\/372059","targetHints":{"allow":["GET"]}}],"collection":[{"href":"https:\/\/diarioavancetabasco.com\/index.php?rest_route=\/wp\/v2\/posts"}],"about":[{"href":"https:\/\/diarioavancetabasco.com\/index.php?rest_route=\/wp\/v2\/types\/post"}],"author":[{"embeddable":true,"href":"https:\/\/diarioavancetabasco.com\/index.php?rest_route=\/wp\/v2\/users\/2"}],"replies":[{"embeddable":true,"href":"https:\/\/diarioavancetabasco.com\/index.php?rest_route=%2Fwp%2Fv2%2Fcomments&post=372059"}],"version-history":[{"count":2,"href":"https:\/\/diarioavancetabasco.com\/index.php?rest_route=\/wp\/v2\/posts\/372059\/revisions"}],"predecessor-version":[{"id":372100,"href":"https:\/\/diarioavancetabasco.com\/index.php?rest_route=\/wp\/v2\/posts\/372059\/revisions\/372100"}],"wp:featuredmedia":[{"embeddable":true,"href":"https:\/\/diarioavancetabasco.com\/index.php?rest_route=\/wp\/v2\/media\/372035"}],"wp:attachment":[{"href":"https:\/\/diarioavancetabasco.com\/index.php?rest_route=%2Fwp%2Fv2%2Fmedia&parent=372059"}],"wp:term":[{"taxonomy":"category","embeddable":true,"href":"https:\/\/diarioavancetabasco.com\/index.php?rest_route=%2Fwp%2Fv2%2Fcategories&post=372059"},{"taxonomy":"post_tag","embeddable":true,"href":"https:\/\/diarioavancetabasco.com\/index.php?rest_route=%2Fwp%2Fv2%2Ftags&post=372059"}],"curies":[{"name":"wp","href":"https:\/\/api.w.org\/{rel}","templated":true}]}}